{"id":37298,"date":"2023-06-27T10:50:00","date_gmt":"2023-06-27T08:50:00","guid":{"rendered":"https:\/\/www.redacteur.com\/blog\/?p=37298"},"modified":"2023-06-23T16:37:49","modified_gmt":"2023-06-23T14:37:49","slug":"publier-articles-pendant-vacances","status":"publish","type":"post","link":"https:\/\/www.redacteur.com\/blog\/publier-articles-pendant-vacances\/","title":{"rendered":"Faut-il publier des articles pendant les vacances&nbsp;?"},"content":{"rendered":"\n<p>Faut-il publier des articles pendant les vacances&nbsp;? La question m\u00e9rite d\u2019\u00eatre pos\u00e9e\u2026 Votre \u00e9quipe est restreinte, vos clients et prospects se pr\u00e9lassent loin de leur smartphone, alors pourquoi continuer d\u2019animer son blog et ses r\u00e9seaux sociaux&nbsp;?<\/p>\n\n\n\n<p>En r\u00e9alit\u00e9, il existe de nombreuses raisons de partager des publications durant les vacances. Si votre \u00e9quipe content marketing est absente, vous avez toujours la possibilit\u00e9 de faire appel \u00e0 un <a href=\"https:\/\/www.redacteur.com\/redacteur-web\" target=\"_blank\" rel=\"noopener\">r\u00e9dacteur web freelance<\/a> pour mettre \u00e0 jour votre blog&nbsp;!<\/p>\n\n\n\n<p>Dans cet article, d\u00e9couvrons <strong>pourquoi publier des articles pendant les vacances<\/strong>, quels contenus partager durant cette p\u00e9riode sp\u00e9ciale et \u00e0 quelle fr\u00e9quence.<\/p>\n\n\n\n<h2 class=\"wp-block-heading\">Pourquoi publier des articles de blog pendant les vacances&nbsp;?<\/h2>\n\n\n\n<p>Dispara\u00eetre totalement pendant les vacances est une mauvaise id\u00e9e. Tous vos lecteurs ne sont pas en cong\u00e9 durant les vacances scolaires. \u00c0 moins d\u2019avoir une communaut\u00e9 compos\u00e9e \u00e0 100% de parents, il est difficile de vous couper de votre audience\u2026 D\u2019ailleurs, m\u00eame vos clients off gardent un \u0153il sur leurs blogs favoris ou sur les r\u00e9seaux sociaux.<\/p>\n\n\n\n<p>Notre avis sur la question&nbsp;: <strong>continuez de publier des articles pendant les vacances<\/strong>&nbsp;! Planifier des publications durant les cong\u00e9s conf\u00e8re de nombreux b\u00e9n\u00e9fices \u00e0 votre entreprise\u2026<\/p>\n\n\n\n<figure class=\"wp-block-image size-full\"><img decoding=\"async\" width=\"700\" height=\"467\" src=\"https:\/\/www.redacteur.com\/blog\/wp-content\/uploads\/sites\/6\/2023\/05\/publier-articles-pendant-vacances.webp\" alt=\"\" class=\"wp-image-37302\" srcset=\"https:\/\/www.redacteur.com\/blog\/wp-content\/uploads\/sites\/6\/2023\/05\/publier-articles-pendant-vacances.webp 700w, https:\/\/www.redacteur.com\/blog\/wp-content\/uploads\/sites\/6\/2023\/05\/publier-articles-pendant-vacances-300x200.webp 300w, https:\/\/www.redacteur.com\/blog\/wp-content\/uploads\/sites\/6\/2023\/05\/publier-articles-pendant-vacances-60x40.webp 60w, https:\/\/www.redacteur.com\/blog\/wp-content\/uploads\/sites\/6\/2023\/05\/publier-articles-pendant-vacances-370x247.webp 370w, https:\/\/www.redacteur.com\/blog\/wp-content\/uploads\/sites\/6\/2023\/05\/publier-articles-pendant-vacances-270x180.webp 270w, https:\/\/www.redacteur.com\/blog\/wp-content\/uploads\/sites\/6\/2023\/05\/publier-articles-pendant-vacances-570x380.webp 570w\" sizes=\"(max-width: 700px) 100vw, 700px\" \/><\/figure>\n\n\n\n<h3 class=\"wp-block-heading\">Conserver son r\u00e9f\u00e9rencement Google<\/h3>\n\n\n\n<p>Cl\u00e9 de vo\u00fbte de votre strat\u00e9gie SEO, le blog n\u00e9cessite une attention constante. Les robots des moteurs de recherche ne prennent pas de vacances. Ils crawlent r\u00e9guli\u00e8rement les sites web pour positionner ceux qui proposent du contenu pertinent, frais et tendance.<\/p>\n\n\n\n<p>Le fait de<strong> publier des articles pendant les vacances<\/strong> envoie des signaux positifs \u00e0 Google. Vous continuez \u00e0 travailler votre r\u00e9f\u00e9rencement pour conserver votre place dans les r\u00e9sultats de recherche. Si vos concurrents se rel\u00e2chent durant les cong\u00e9s, vous pouvez m\u00eame gagner des positions et vous placer plus haut qu\u2019eux dans les SERPs&nbsp;!<\/p>\n\n\n\n<h3 class=\"wp-block-heading\">Se placer sur des mots-cl\u00e9s saisonniers<\/h3>\n\n\n\n<p>Pendant les vacances, vos clients et prospects ont d\u2019autres probl\u00e9matiques. Ils effectuent toujours des recherches sur Google pour s\u2019organiser et s\u2019\u00e9quiper au mieux durant cette p\u00e9riode creuse. Votre entreprise a forc\u00e9ment une carte \u00e0 jouer&nbsp;!<\/p>\n\n\n\n<p>V\u00e9rifiez et analysez les requ\u00eates li\u00e9es aux cong\u00e9s pour trouver des contenus \u00e0 poster. Ainsi, vous positionnez votre blog sur des recherches extr\u00eamement cibl\u00e9es, \u00e0 fort taux de conversion.<\/p>\n\n\n\n<p>Une bonne pratique qui dope votre visibilit\u00e9, votre acquisition de leads et votre taux de conversion&nbsp;!<\/p>\n\n\n\n<h3 class=\"wp-block-heading\">Diversifier son audience<\/h3>\n\n\n\n<p>Que ce soit durant la pause estivale ou hivernale, vous pouvez toucher une nouvelle audience en planifiant des billets de blog ou des posts sur les r\u00e9seaux sociaux. Certains internautes se connectent peu lorsqu\u2019ils travaillent. Ils profitent des vacances pour se renseigner sur leurs besoins, lire les avis des consommateurs et trouver les services ou produits qui r\u00e9soudront leurs probl\u00e8mes du quotidien.<\/p>\n\n\n\n<p><strong>Publier des articles de blog pendant les vacances<\/strong> vous permet de toucher cette partie de communaut\u00e9 absente (ou peu pr\u00e9sente) en temps normal\u2026<\/p>\n\n\n\n<h3 class=\"wp-block-heading\">Rester pr\u00e9sent dans l\u2019esprit des clients et prospects<\/h3>\n\n\n\n<p>Lorsque vos clients et prospects entament leur parcours d\u2019achat, ils ne se mettent pas totalement en pause durant les vacances. M\u00eame si c\u2019est le cas, vous devez faire en sorte qu\u2019ils reprennent leur r\u00e9flexion, aupr\u00e8s de votre entreprise, \u00e0 la rentr\u00e9e.<\/p>\n\n\n\n<p>Programmer des contenus sur votre blog et vos r\u00e9seaux sociaux \u00e9vite de se faire oublier. M\u00eame inconsciemment, vos lecteurs conservent votre marque dans un coin de leur esprit.<\/p>\n\n\n\n<h3 class=\"wp-block-heading\">Se d\u00e9marquer de la concurrence<\/h3>\n\n\n\n<p>Plusieurs entreprises ferment compl\u00e8tement durant cette p\u00e9riode de l\u2019ann\u00e9e. Profitez-en pour occuper le terrain au maximum&nbsp;! Soyez visible aupr\u00e8s de leur communaut\u00e9 en continuant \u00e0 <strong>publier des articles de blog pendant les vacances<\/strong>, \u00e0 envoyer des newsletters, \u00e0 publier des photos Instagram, \u00e0 poster des publications sur Facebook ou Twitter, etc.<\/p>\n\n\n\n<p>Les internautes qui ne sont pas en vacances et qui recherchent des informations pour combler leurs besoins tomberont plus facilement sur votre contenu.<\/p>\n\n\n\n<h2 class=\"wp-block-heading\">Quels contenus mettre en ligne en p\u00e9riode creuse&nbsp;?<\/h2>\n\n\n\n<p>Apr\u00e8s avoir vu tous les b\u00e9n\u00e9fices de poursuivre la publication d\u2019articles sur votre blog, voyons quels types de contenus poster pour doper votre strat\u00e9gie marketing saisonni\u00e8re&nbsp;!<\/p>\n\n\n\n<figure class=\"wp-block-image size-full\"><img decoding=\"async\" width=\"700\" height=\"467\" src=\"https:\/\/www.redacteur.com\/blog\/wp-content\/uploads\/sites\/6\/2023\/05\/publier-articles-pendant-vacances-2.webp\" alt=\"\" class=\"wp-image-37303\" srcset=\"https:\/\/www.redacteur.com\/blog\/wp-content\/uploads\/sites\/6\/2023\/05\/publier-articles-pendant-vacances-2.webp 700w, https:\/\/www.redacteur.com\/blog\/wp-content\/uploads\/sites\/6\/2023\/05\/publier-articles-pendant-vacances-2-300x200.webp 300w, https:\/\/www.redacteur.com\/blog\/wp-content\/uploads\/sites\/6\/2023\/05\/publier-articles-pendant-vacances-2-60x40.webp 60w, https:\/\/www.redacteur.com\/blog\/wp-content\/uploads\/sites\/6\/2023\/05\/publier-articles-pendant-vacances-2-370x247.webp 370w, https:\/\/www.redacteur.com\/blog\/wp-content\/uploads\/sites\/6\/2023\/05\/publier-articles-pendant-vacances-2-270x180.webp 270w, https:\/\/www.redacteur.com\/blog\/wp-content\/uploads\/sites\/6\/2023\/05\/publier-articles-pendant-vacances-2-570x380.webp 570w\" sizes=\"(max-width: 700px) 100vw, 700px\" \/><\/figure>\n\n\n\n<h3 class=\"wp-block-heading\">Publier des articles en lien avec la p\u00e9riode de vacances<\/h3>\n\n\n\n<p>Premier type de publication&nbsp;: les conseils li\u00e9s aux cong\u00e9s. Durant la pause estivale, vous pouvez \u00e9crire sur des sujets concernant les d\u00e9parts en vacances, la plage, le soleil, la garde d\u2019enfant, la d\u00e9tente, etc. Pendant les cong\u00e9s d\u2019hiver, parlez de ski, de comment se r\u00e9chauffer ou listez des id\u00e9es d\u2019activit\u00e9s en int\u00e9rieur, par exemple.<\/p>\n\n\n\n<p>Cependant, n\u2019oubliez pas que vos articles doivent \u00eatre coh\u00e9rents avec les produits ou services de votre entreprise.<\/p>\n\n\n\n<h3 class=\"wp-block-heading\">Proposer des publications dr\u00f4les et divertissantes<\/h3>\n\n\n\n<p>Les vacances repr\u00e9sentent un moment de d\u00e9tente par excellence&nbsp;! C\u2019est l\u2019occasion r\u00eav\u00e9e de montrer votre entreprise sous un nouveau jour, avec des articles et des publications sur les r\u00e9seaux sociaux plus dr\u00f4les qu\u2019\u00e0 l\u2019accoutum\u00e9e.<\/p>\n\n\n\n<p>Offrez des conseils et contenus ludiques, comme des quiz, tests de personnalit\u00e9 (pour savoir quel produit convient le mieux, par exemple), des concours, des infographies, une web-s\u00e9rie\u2026 L\u2019id\u00e9e est de valoriser votre activit\u00e9 en faisant jouer votre communaut\u00e9&nbsp;!<\/p>\n\n\n\n<h3 class=\"wp-block-heading\">Mettre \u00e0 jour du contenu obsol\u00e8te ou mal r\u00e9f\u00e9renc\u00e9<\/h3>\n\n\n\n<p>Les p\u00e9riodes creuses sont l\u2019occasion de faire un inventaire de vos contenus web. Passez en revue les articles du blog pour mettre \u00e0 jour ceux qui contiennent des informations obsol\u00e8tes. Vous pouvez \u00e9galement les compl\u00e9ter, puis les republier afin d\u2019encourager les robots de Google \u00e0 les parcourir et mieux les r\u00e9f\u00e9rencer.<\/p>\n\n\n\n<p>D\u00e8s que ces billets sont mis \u00e0 jour, pensez aussi \u00e0 les partager sur vos r\u00e9seaux sociaux pour leur donner une seconde vie&nbsp;!<\/p>\n\n\n\n<h3 class=\"wp-block-heading\">Promouvoir des produits de saison<\/h3>\n\n\n\n<p>Tant qu\u2019\u00e0 <strong>publier des articles pendant les vacances<\/strong>, autant promouvoir des produits li\u00e9s \u00e0 la saison&nbsp;! C\u2019est le moment d\u2019\u00e9crire des listes de conseils ou des guides d\u2019achat qui concernent les indispensables pour les cong\u00e9s. Aidez vos clients \u00e0 passer des semaines parfaites, en leur offrant du contenu utile, qui les \u00e9claire sur toutes les questions qu\u2019ils se posent avant de partir sur leur lieu de vill\u00e9giature.<\/p>\n\n\n\n<h2 class=\"wp-block-heading\">\u00c0 quel rythme faut-il publier des articles pendant les vacances&nbsp;?<\/h2>\n\n\n\n<figure class=\"wp-block-image size-full\"><img decoding=\"async\" width=\"700\" height=\"467\" src=\"https:\/\/www.redacteur.com\/blog\/wp-content\/uploads\/sites\/6\/2023\/05\/publier-articles-pendant-vacances-3.webp\" alt=\"\" class=\"wp-image-37304\" srcset=\"https:\/\/www.redacteur.com\/blog\/wp-content\/uploads\/sites\/6\/2023\/05\/publier-articles-pendant-vacances-3.webp 700w, https:\/\/www.redacteur.com\/blog\/wp-content\/uploads\/sites\/6\/2023\/05\/publier-articles-pendant-vacances-3-300x200.webp 300w, https:\/\/www.redacteur.com\/blog\/wp-content\/uploads\/sites\/6\/2023\/05\/publier-articles-pendant-vacances-3-60x40.webp 60w, https:\/\/www.redacteur.com\/blog\/wp-content\/uploads\/sites\/6\/2023\/05\/publier-articles-pendant-vacances-3-370x247.webp 370w, https:\/\/www.redacteur.com\/blog\/wp-content\/uploads\/sites\/6\/2023\/05\/publier-articles-pendant-vacances-3-270x180.webp 270w, https:\/\/www.redacteur.com\/blog\/wp-content\/uploads\/sites\/6\/2023\/05\/publier-articles-pendant-vacances-3-570x380.webp 570w\" sizes=\"(max-width: 700px) 100vw, 700px\" \/><\/figure>\n\n\n\n<p>Nous l\u2019avons vu pr\u00e9c\u00e9demment, <strong>publier des articles pendant les vacances<\/strong> permet \u00e0 votre blog de gagner des places dans les moteurs de recherche. De m\u00eame, vous disposez de mati\u00e8re pour animer vos r\u00e9seaux sociaux, durant une p\u00e9riode o\u00f9 les internautes sont plus d\u00e9tendus.<\/p>\n\n\n\n<p>Le mieux reste de respecter votre rythme de publication habituel. Si une partie de votre \u00e9quipe est aussi en cong\u00e9, pensez \u00e0 planifier vos articles et posts sur Facebook, Instagram, Twitter, LinkedIn\u2026 Produisez, en amont, des textes puis programmez-les directement dans votre CMS.<\/p>\n\n\n\n<p>Si besoin, faites-vous aider par un <a href=\"https:\/\/www.redacteur.com\/redaction-textes\" target=\"_blank\" rel=\"noopener\">r\u00e9dacteur web freelance<\/a> pour anticiper la cr\u00e9ation d\u2019articles et disposer d\u2019assez de billets de blog pour couvrir la p\u00e9riode de cong\u00e9&nbsp;!<\/p>\n\n\n\n<h2 class=\"wp-block-heading\">Notre astuce pour produire des contenus pendant les p\u00e9riodes creuses<\/h2>\n\n\n\n<p>Si vous avez un calendrier \u00e9ditorial, vous pourrez facilement vous organiser pour conserver votre fr\u00e9quence de publication toute l\u2019ann\u00e9e. Sur le planning de r\u00e9daction, pointez les p\u00e9riodes creuses pour faire r\u00e9diger des articles en amont, ainsi que des posts pour les r\u00e9seaux sociaux, puis les planifier avec un outil d\u00e9di\u00e9. Vous pourrez partir en vacances l\u2019esprit tranquille, pendant que votre entreprise am\u00e9liore sa visibilit\u00e9.<\/p>\n\n\n\n<p>Besoin d\u2019aide pour \u00e9crire des articles&nbsp;? Faites appel \u00e0 un r\u00e9dacteur web sur notre <a href=\"https:\/\/www.redacteur.com\/\" target=\"_blank\" rel=\"noopener\">plateforme de r\u00e9daction<\/a>, Redacteur.com.<\/p>\n","protected":false},"excerpt":{"rendered":"<p>Faut-il publier des articles pendant les vacances&nbsp;? La question m\u00e9rite d\u2019\u00eatre pos\u00e9e\u2026 Votre \u00e9quipe est restreinte, vos clients et prospects se pr\u00e9lassent loin de leur smartphone, alors pourquoi continuer d\u2019animer son blog et ses r\u00e9seaux sociaux&nbsp;? En r\u00e9alit\u00e9, il existe de nombreuses raisons de partager des publications durant les vacances. Si votre \u00e9quipe content marketing [&hellip;]<\/p>\n","protected":false},"author":5,"featured_media":37299,"comment_status":"closed","ping_status":"closed","sticky":false,"template":"","format":"standard","meta":{"_acf_changed":false,"inline_featured_image":false,"footnotes":""},"categories":[22],"tags":[],"class_list":["post-37298","post","type-post","status-publish","format-standard","has-post-thumbnail","hentry","category-blog"],"acf":[],"yoast_head":"<!-- This site is optimized with the Yoast SEO plugin v25.9 - https:\/\/yoast.com\/wordpress\/plugins\/seo\/ -->\n<title>Faut-il publier des articles pendant les vacances&nbsp;? - Redacteur Blog<\/title>\n<meta name=\"description\" content=\"Faut-il publier des articles pendant les vacances ? La question m\u00e9rite d\u2019\u00eatre pos\u00e9e\u2026 Votre \u00e9quipe est restreinte, vos clients et prospects se pr\u00e9lassent\" \/>\n<meta name=\"robots\" content=\"index, follow, max-snippet:-1, max-image-preview:large, max-video-preview:-1\" \/>\n<link rel=\"canonical\" href=\"https:\/\/www.redacteur.com\/blog\/publier-articles-pendant-vacances\/\" \/>\n<meta property=\"og:locale\" content=\"fr_FR\" \/>\n<meta property=\"og:type\" content=\"article\" \/>\n<meta property=\"og:title\" content=\"Faut-il publier des articles pendant les vacances&nbsp;? - Redacteur Blog\" \/>\n<meta property=\"og:description\" content=\"Faut-il publier des articles pendant les vacances ? La question m\u00e9rite d\u2019\u00eatre pos\u00e9e\u2026 Votre \u00e9quipe est restreinte, vos clients et prospects se pr\u00e9lassent\" \/>\n<meta property=\"og:url\" content=\"https:\/\/www.redacteur.com\/blog\/publier-articles-pendant-vacances\/\" \/>\n<meta property=\"og:site_name\" content=\"Redacteur.com\" \/>\n<meta property=\"article:publisher\" content=\"https:\/\/www.facebook.com\/redacteurcom\" \/>\n<meta property=\"article:published_time\" content=\"2023-06-27T08:50:00+00:00\" \/>\n<meta property=\"og:image\" content=\"https:\/\/www.redacteur.com\/blog\/wp-content\/uploads\/sites\/6\/2023\/05\/publier-articles-pendant-vacances.jpg\" \/>\n\t<meta property=\"og:image:width\" content=\"1024\" \/>\n\t<meta property=\"og:image:height\" content=\"618\" \/>\n\t<meta property=\"og:image:type\" content=\"image\/jpeg\" \/>\n<meta name=\"author\" content=\"Thomas Lazzaroni\" \/>\n<meta name=\"twitter:card\" content=\"summary_large_image\" \/>\n<meta name=\"twitter:creator\" content=\"@totolazza\" \/>\n<meta name=\"twitter:site\" content=\"@Redacteurcom\" \/>\n<meta name=\"twitter:label1\" content=\"\u00c9crit par\" \/>\n\t<meta name=\"twitter:data1\" content=\"Thomas Lazzaroni\" \/>\n\t<meta name=\"twitter:label2\" content=\"Dur\u00e9e de lecture estim\u00e9e\" \/>\n\t<meta name=\"twitter:data2\" content=\"7 minutes\" \/>\n<script type=\"application\/ld+json\" class=\"yoast-schema-graph\">{\"@context\":\"https:\/\/schema.org\",\"@graph\":[{\"@type\":\"Article\",\"@id\":\"https:\/\/www.redacteur.com\/blog\/publier-articles-pendant-vacances\/#article\",\"isPartOf\":{\"@id\":\"https:\/\/www.redacteur.com\/blog\/publier-articles-pendant-vacances\/\"},\"author\":{\"name\":\"Thomas Lazzaroni\",\"@id\":\"https:\/\/www.redacteur.com\/blog\/#\/schema\/person\/cc3b0a678aeffcae19ecc599eaf679e5\"},\"headline\":\"Faut-il publier des articles pendant les vacances&nbsp;?\",\"datePublished\":\"2023-06-27T08:50:00+00:00\",\"mainEntityOfPage\":{\"@id\":\"https:\/\/www.redacteur.com\/blog\/publier-articles-pendant-vacances\/\"},\"wordCount\":1319,\"publisher\":{\"@id\":\"https:\/\/www.redacteur.com\/blog\/#organization\"},\"image\":{\"@id\":\"https:\/\/www.redacteur.com\/blog\/publier-articles-pendant-vacances\/#primaryimage\"},\"thumbnailUrl\":\"https:\/\/www.redacteur.com\/blog\/wp-content\/uploads\/sites\/6\/2023\/05\/publier-articles-pendant-vacances.jpg\",\"articleSection\":[\"Blog\"],\"inLanguage\":\"fr-FR\"},{\"@type\":\"WebPage\",\"@id\":\"https:\/\/www.redacteur.com\/blog\/publier-articles-pendant-vacances\/\",\"url\":\"https:\/\/www.redacteur.com\/blog\/publier-articles-pendant-vacances\/\",\"name\":\"Faut-il publier des articles pendant les vacances&nbsp;? - Redacteur Blog\",\"isPartOf\":{\"@id\":\"https:\/\/www.redacteur.com\/blog\/#website\"},\"primaryImageOfPage\":{\"@id\":\"https:\/\/www.redacteur.com\/blog\/publier-articles-pendant-vacances\/#primaryimage\"},\"image\":{\"@id\":\"https:\/\/www.redacteur.com\/blog\/publier-articles-pendant-vacances\/#primaryimage\"},\"thumbnailUrl\":\"https:\/\/www.redacteur.com\/blog\/wp-content\/uploads\/sites\/6\/2023\/05\/publier-articles-pendant-vacances.jpg\",\"datePublished\":\"2023-06-27T08:50:00+00:00\",\"description\":\"Faut-il publier des articles pendant les vacances ? La question m\u00e9rite d\u2019\u00eatre pos\u00e9e\u2026 Votre \u00e9quipe est restreinte, vos clients et prospects se pr\u00e9lassent\",\"breadcrumb\":{\"@id\":\"https:\/\/www.redacteur.com\/blog\/publier-articles-pendant-vacances\/#breadcrumb\"},\"inLanguage\":\"fr-FR\",\"potentialAction\":[{\"@type\":\"ReadAction\",\"target\":[\"https:\/\/www.redacteur.com\/blog\/publier-articles-pendant-vacances\/\"]}]},{\"@type\":\"ImageObject\",\"inLanguage\":\"fr-FR\",\"@id\":\"https:\/\/www.redacteur.com\/blog\/publier-articles-pendant-vacances\/#primaryimage\",\"url\":\"https:\/\/www.redacteur.com\/blog\/wp-content\/uploads\/sites\/6\/2023\/05\/publier-articles-pendant-vacances.jpg\",\"contentUrl\":\"https:\/\/www.redacteur.com\/blog\/wp-content\/uploads\/sites\/6\/2023\/05\/publier-articles-pendant-vacances.jpg\",\"width\":1024,\"height\":618,\"caption\":\"publier-articles-pendant-vacances\"},{\"@type\":\"BreadcrumbList\",\"@id\":\"https:\/\/www.redacteur.com\/blog\/publier-articles-pendant-vacances\/#breadcrumb\",\"itemListElement\":[{\"@type\":\"ListItem\",\"position\":1,\"name\":\"Blog\",\"item\":\"https:\/\/www.redacteur.com\/blog\/\"},{\"@type\":\"ListItem\",\"position\":2,\"name\":\"Content marketing\",\"item\":\"https:\/\/www.redacteur.com\/blog\/contenu-web\/\"},{\"@type\":\"ListItem\",\"position\":3,\"name\":\"Blog\",\"item\":\"https:\/\/www.redacteur.com\/blog\/contenu-web\/blog\/\"},{\"@type\":\"ListItem\",\"position\":4,\"name\":\"Faut-il publier des articles pendant les vacances&nbsp;?\"}]},{\"@type\":\"WebSite\",\"@id\":\"https:\/\/www.redacteur.com\/blog\/#website\",\"url\":\"https:\/\/www.redacteur.com\/blog\/\",\"name\":\"Redacteur.com\",\"description\":\"redacteur\",\"publisher\":{\"@id\":\"https:\/\/www.redacteur.com\/blog\/#organization\"},\"potentialAction\":[{\"@type\":\"SearchAction\",\"target\":{\"@type\":\"EntryPoint\",\"urlTemplate\":\"https:\/\/www.redacteur.com\/blog\/?s={search_term_string}\"},\"query-input\":{\"@type\":\"PropertyValueSpecification\",\"valueRequired\":true,\"valueName\":\"search_term_string\"}}],\"inLanguage\":\"fr-FR\"},{\"@type\":\"Organization\",\"@id\":\"https:\/\/www.redacteur.com\/blog\/#organization\",\"name\":\"Redacteur.com\",\"url\":\"https:\/\/www.redacteur.com\/blog\/\",\"logo\":{\"@type\":\"ImageObject\",\"inLanguage\":\"fr-FR\",\"@id\":\"https:\/\/www.redacteur.com\/blog\/#\/schema\/logo\/image\/\",\"url\":\"https:\/\/www.redacteur.com\/blog\/wp-content\/uploads\/sites\/6\/2022\/10\/logo-redacteur-blog.svg\",\"contentUrl\":\"https:\/\/www.redacteur.com\/blog\/wp-content\/uploads\/sites\/6\/2022\/10\/logo-redacteur-blog.svg\",\"width\":1,\"height\":1,\"caption\":\"Redacteur.com\"},\"image\":{\"@id\":\"https:\/\/www.redacteur.com\/blog\/#\/schema\/logo\/image\/\"},\"sameAs\":[\"https:\/\/www.facebook.com\/redacteurcom\",\"https:\/\/x.com\/Redacteurcom\",\"https:\/\/www.linkedin.com\/company\/redacteur-com\",\"https:\/\/www.youtube.com\/channel\/UCgj9ySM9xy3gdL8qBafl9Uw\/\"]},{\"@type\":\"Person\",\"@id\":\"https:\/\/www.redacteur.com\/blog\/#\/schema\/person\/cc3b0a678aeffcae19ecc599eaf679e5\",\"name\":\"Thomas Lazzaroni\",\"image\":{\"@type\":\"ImageObject\",\"inLanguage\":\"fr-FR\",\"@id\":\"https:\/\/www.redacteur.com\/blog\/#\/schema\/person\/image\/\",\"url\":\"https:\/\/secure.gravatar.com\/avatar\/7306fb87b7017ab0955d07c2f2b771ac79e91965a2fca514df0c043f7c087fd2?s=96&d=mm&r=g\",\"contentUrl\":\"https:\/\/secure.gravatar.com\/avatar\/7306fb87b7017ab0955d07c2f2b771ac79e91965a2fca514df0c043f7c087fd2?s=96&d=mm&r=g\",\"caption\":\"Thomas Lazzaroni\"},\"description\":\"Depuis plus de 10 ans, je contribue \u00e0 faire rayonner nos sites en imaginant des strat\u00e9gies qui renforcent notre visibilit\u00e9 et notre position de r\u00e9f\u00e9rence.\",\"sameAs\":[\"https:\/\/totolazza.com\",\"https:\/\/www.linkedin.com\/in\/thomaslazzaroni\/\",\"https:\/\/x.com\/totolazza\"],\"url\":\"https:\/\/www.redacteur.com\/blog\/author\/thomas\/\"}]}<\/script>\n<!-- \/ Yoast SEO plugin. -->","yoast_head_json":{"title":"Faut-il publier des articles pendant les vacances&nbsp;? - Redacteur Blog","description":"Faut-il publier des articles pendant les vacances ? La question m\u00e9rite d\u2019\u00eatre pos\u00e9e\u2026 Votre \u00e9quipe est restreinte, vos clients et prospects se pr\u00e9lassent","robots":{"index":"index","follow":"follow","max-snippet":"max-snippet:-1","max-image-preview":"max-image-preview:large","max-video-preview":"max-video-preview:-1"},"canonical":"https:\/\/www.redacteur.com\/blog\/publier-articles-pendant-vacances\/","og_locale":"fr_FR","og_type":"article","og_title":"Faut-il publier des articles pendant les vacances&nbsp;? - Redacteur Blog","og_description":"Faut-il publier des articles pendant les vacances ? La question m\u00e9rite d\u2019\u00eatre pos\u00e9e\u2026 Votre \u00e9quipe est restreinte, vos clients et prospects se pr\u00e9lassent","og_url":"https:\/\/www.redacteur.com\/blog\/publier-articles-pendant-vacances\/","og_site_name":"Redacteur.com","article_publisher":"https:\/\/www.facebook.com\/redacteurcom","article_published_time":"2023-06-27T08:50:00+00:00","og_image":[{"width":1024,"height":618,"url":"https:\/\/www.redacteur.com\/blog\/wp-content\/uploads\/sites\/6\/2023\/05\/publier-articles-pendant-vacances.jpg","type":"image\/jpeg"}],"author":"Thomas Lazzaroni","twitter_card":"summary_large_image","twitter_creator":"@totolazza","twitter_site":"@Redacteurcom","twitter_misc":{"\u00c9crit par":"Thomas Lazzaroni","Dur\u00e9e de lecture estim\u00e9e":"7 minutes"},"schema":{"@context":"https:\/\/schema.org","@graph":[{"@type":"Article","@id":"https:\/\/www.redacteur.com\/blog\/publier-articles-pendant-vacances\/#article","isPartOf":{"@id":"https:\/\/www.redacteur.com\/blog\/publier-articles-pendant-vacances\/"},"author":{"name":"Thomas Lazzaroni","@id":"https:\/\/www.redacteur.com\/blog\/#\/schema\/person\/cc3b0a678aeffcae19ecc599eaf679e5"},"headline":"Faut-il publier des articles pendant les vacances&nbsp;?","datePublished":"2023-06-27T08:50:00+00:00","mainEntityOfPage":{"@id":"https:\/\/www.redacteur.com\/blog\/publier-articles-pendant-vacances\/"},"wordCount":1319,"publisher":{"@id":"https:\/\/www.redacteur.com\/blog\/#organization"},"image":{"@id":"https:\/\/www.redacteur.com\/blog\/publier-articles-pendant-vacances\/#primaryimage"},"thumbnailUrl":"https:\/\/www.redacteur.com\/blog\/wp-content\/uploads\/sites\/6\/2023\/05\/publier-articles-pendant-vacances.jpg","articleSection":["Blog"],"inLanguage":"fr-FR"},{"@type":"WebPage","@id":"https:\/\/www.redacteur.com\/blog\/publier-articles-pendant-vacances\/","url":"https:\/\/www.redacteur.com\/blog\/publier-articles-pendant-vacances\/","name":"Faut-il publier des articles pendant les vacances&nbsp;? - Redacteur Blog","isPartOf":{"@id":"https:\/\/www.redacteur.com\/blog\/#website"},"primaryImageOfPage":{"@id":"https:\/\/www.redacteur.com\/blog\/publier-articles-pendant-vacances\/#primaryimage"},"image":{"@id":"https:\/\/www.redacteur.com\/blog\/publier-articles-pendant-vacances\/#primaryimage"},"thumbnailUrl":"https:\/\/www.redacteur.com\/blog\/wp-content\/uploads\/sites\/6\/2023\/05\/publier-articles-pendant-vacances.jpg","datePublished":"2023-06-27T08:50:00+00:00","description":"Faut-il publier des articles pendant les vacances ? La question m\u00e9rite d\u2019\u00eatre pos\u00e9e\u2026 Votre \u00e9quipe est restreinte, vos clients et prospects se pr\u00e9lassent","breadcrumb":{"@id":"https:\/\/www.redacteur.com\/blog\/publier-articles-pendant-vacances\/#breadcrumb"},"inLanguage":"fr-FR","potentialAction":[{"@type":"ReadAction","target":["https:\/\/www.redacteur.com\/blog\/publier-articles-pendant-vacances\/"]}]},{"@type":"ImageObject","inLanguage":"fr-FR","@id":"https:\/\/www.redacteur.com\/blog\/publier-articles-pendant-vacances\/#primaryimage","url":"https:\/\/www.redacteur.com\/blog\/wp-content\/uploads\/sites\/6\/2023\/05\/publier-articles-pendant-vacances.jpg","contentUrl":"https:\/\/www.redacteur.com\/blog\/wp-content\/uploads\/sites\/6\/2023\/05\/publier-articles-pendant-vacances.jpg","width":1024,"height":618,"caption":"publier-articles-pendant-vacances"},{"@type":"BreadcrumbList","@id":"https:\/\/www.redacteur.com\/blog\/publier-articles-pendant-vacances\/#breadcrumb","itemListElement":[{"@type":"ListItem","position":1,"name":"Blog","item":"https:\/\/www.redacteur.com\/blog\/"},{"@type":"ListItem","position":2,"name":"Content marketing","item":"https:\/\/www.redacteur.com\/blog\/contenu-web\/"},{"@type":"ListItem","position":3,"name":"Blog","item":"https:\/\/www.redacteur.com\/blog\/contenu-web\/blog\/"},{"@type":"ListItem","position":4,"name":"Faut-il publier des articles pendant les vacances&nbsp;?"}]},{"@type":"WebSite","@id":"https:\/\/www.redacteur.com\/blog\/#website","url":"https:\/\/www.redacteur.com\/blog\/","name":"Redacteur.com","description":"redacteur","publisher":{"@id":"https:\/\/www.redacteur.com\/blog\/#organization"},"potentialAction":[{"@type":"SearchAction","target":{"@type":"EntryPoint","urlTemplate":"https:\/\/www.redacteur.com\/blog\/?s={search_term_string}"},"query-input":{"@type":"PropertyValueSpecification","valueRequired":true,"valueName":"search_term_string"}}],"inLanguage":"fr-FR"},{"@type":"Organization","@id":"https:\/\/www.redacteur.com\/blog\/#organization","name":"Redacteur.com","url":"https:\/\/www.redacteur.com\/blog\/","logo":{"@type":"ImageObject","inLanguage":"fr-FR","@id":"https:\/\/www.redacteur.com\/blog\/#\/schema\/logo\/image\/","url":"https:\/\/www.redacteur.com\/blog\/wp-content\/uploads\/sites\/6\/2022\/10\/logo-redacteur-blog.svg","contentUrl":"https:\/\/www.redacteur.com\/blog\/wp-content\/uploads\/sites\/6\/2022\/10\/logo-redacteur-blog.svg","width":1,"height":1,"caption":"Redacteur.com"},"image":{"@id":"https:\/\/www.redacteur.com\/blog\/#\/schema\/logo\/image\/"},"sameAs":["https:\/\/www.facebook.com\/redacteurcom","https:\/\/x.com\/Redacteurcom","https:\/\/www.linkedin.com\/company\/redacteur-com","https:\/\/www.youtube.com\/channel\/UCgj9ySM9xy3gdL8qBafl9Uw\/"]},{"@type":"Person","@id":"https:\/\/www.redacteur.com\/blog\/#\/schema\/person\/cc3b0a678aeffcae19ecc599eaf679e5","name":"Thomas Lazzaroni","image":{"@type":"ImageObject","inLanguage":"fr-FR","@id":"https:\/\/www.redacteur.com\/blog\/#\/schema\/person\/image\/","url":"https:\/\/secure.gravatar.com\/avatar\/7306fb87b7017ab0955d07c2f2b771ac79e91965a2fca514df0c043f7c087fd2?s=96&d=mm&r=g","contentUrl":"https:\/\/secure.gravatar.com\/avatar\/7306fb87b7017ab0955d07c2f2b771ac79e91965a2fca514df0c043f7c087fd2?s=96&d=mm&r=g","caption":"Thomas Lazzaroni"},"description":"Depuis plus de 10 ans, je contribue \u00e0 faire rayonner nos sites en imaginant des strat\u00e9gies qui renforcent notre visibilit\u00e9 et notre position de r\u00e9f\u00e9rence.","sameAs":["https:\/\/totolazza.com","https:\/\/www.linkedin.com\/in\/thomaslazzaroni\/","https:\/\/x.com\/totolazza"],"url":"https:\/\/www.redacteur.com\/blog\/author\/thomas\/"}]}},"_links":{"self":[{"href":"https:\/\/www.redacteur.com\/blog\/wp-json\/wp\/v2\/posts\/37298","targetHints":{"allow":["GET"]}}],"collection":[{"href":"https:\/\/www.redacteur.com\/blog\/wp-json\/wp\/v2\/posts"}],"about":[{"href":"https:\/\/www.redacteur.com\/blog\/wp-json\/wp\/v2\/types\/post"}],"author":[{"embeddable":true,"href":"https:\/\/www.redacteur.com\/blog\/wp-json\/wp\/v2\/users\/5"}],"replies":[{"embeddable":true,"href":"https:\/\/www.redacteur.com\/blog\/wp-json\/wp\/v2\/comments?post=37298"}],"version-history":[{"count":0,"href":"https:\/\/www.redacteur.com\/blog\/wp-json\/wp\/v2\/posts\/37298\/revisions"}],"wp:featuredmedia":[{"embeddable":true,"href":"https:\/\/www.redacteur.com\/blog\/wp-json\/wp\/v2\/media\/37299"}],"wp:attachment":[{"href":"https:\/\/www.redacteur.com\/blog\/wp-json\/wp\/v2\/media?parent=37298"}],"wp:term":[{"taxonomy":"category","embeddable":true,"href":"https:\/\/www.redacteur.com\/blog\/wp-json\/wp\/v2\/categories?post=37298"},{"taxonomy":"post_tag","embeddable":true,"href":"https:\/\/www.redacteur.com\/blog\/wp-json\/wp\/v2\/tags?post=37298"}],"curies":[{"name":"wp","href":"https:\/\/api.w.org\/{rel}","templated":true}]}}