{"id":37537,"date":"2023-06-20T10:50:00","date_gmt":"2023-06-20T08:50:00","guid":{"rendered":"https:\/\/www.redacteur.com\/blog\/?p=37537"},"modified":"2024-01-23T10:55:19","modified_gmt":"2024-01-23T09:55:19","slug":"ton-style-redactionnel","status":"publish","type":"post","link":"https:\/\/www.redacteur.com\/blog\/ton-style-redactionnel\/","title":{"rendered":"Quel ton et style r\u00e9dactionnel adopter en 2024 face \u00e0 l&#8217;IA\u00a0?"},"content":{"rendered":"\n<p>La n\u00e9cessit\u00e9 de cr\u00e9er des contenus se diff\u00e9renciant de ceux produits par les IA est aujourd\u2019hui tr\u00e8s pr\u00e9sente au sein des entreprises. <\/p>\n\n\n\n<p>Faire appel \u00e0 un <a href=\"https:\/\/www.redacteur.com\/redacteur-web\">r\u00e9dacteur web<\/a> pour la r\u00e9daction d&#8217;articles est alors une excellente solution, permettant d\u2019obtenir des textes uniques, pleinement adapt\u00e9s \u00e0 votre charte \u00e9ditoriale. <\/p>\n\n\n\n<p>Les r\u00e9dacteurs professionnels se diff\u00e9rencient gr\u00e2ce \u00e0 l\u2019utilisation <strong>de tons et de styles r\u00e9dactionnels<\/strong>, afin de d\u00e9marquer autant que possible vos contenus de ceux g\u00e9n\u00e9r\u00e9s par les intelligences artificielles. Mais alors, comment proc\u00e8dent-ils&nbsp;?<\/p>\n\n\n\n<h2 class=\"wp-block-heading\">Quels sont les risques de confier une r\u00e9daction \u00e0 l\u2019IA&nbsp;? <\/h2>\n\n\n\n<p>Le recours \u00e0 une intelligence artificielle pour la r\u00e9daction de ses contenus semble, a priori, \u00eatre une solution pratique et efficace. On en oublie de prendre en compte les limites de ce syst\u00e8me, qui risquent de mettre \u00e0 mal le ton et le style r\u00e9dactionnel de l\u2019\u00e9crit en question, mais \u00e9galement de <strong>fragiliser votre strat\u00e9gie de r\u00e9f\u00e9rencement<\/strong>. <\/p>\n\n\n\n<h3 class=\"wp-block-heading\">Obtenir un contenu dupliqu\u00e9 <\/h3>\n\n\n\n<p>N\u2019oublions pas que les intelligences artificielles, telles que ChatGPT, d\u00e9tiennent leurs connaissances d\u2019un syst\u00e8me d\u2019apprentissage compos\u00e9 de blocs informationnels. L\u2019information est ainsi dig\u00e9r\u00e9e \u00e0 l\u2019\u00e9tat brut par les IA, qui arrivent ensuite \u00e0 cr\u00e9er des liens entre les diff\u00e9rents blocs gr\u00e2ce \u00e0 un syst\u00e8me de Machine Learning&nbsp;: elles am\u00e9liorent donc leur apprentissage au contact des utilisateurs. <\/p>\n\n\n\n<p>Il est important de conserver \u00e0 l\u2019esprit que les intelligences artificielles fournissent uniquement les blocs d\u2019informations qu\u2019elles ont apprises. Elles effectuent certes des liens et des connexions, cr\u00e9ent une mise en forme de ces informations pour qu\u2019elles soient facilement compr\u00e9hensibles par l\u2019utilisateur, mais ce syst\u00e8me comporte des limites.<\/p>\n\n\n\n<figure class=\"wp-block-image size-full\"><img decoding=\"async\" width=\"700\" height=\"467\" src=\"https:\/\/www.redacteur.com\/blog\/wp-content\/uploads\/sites\/6\/2023\/06\/ton-style-redactionnel-3.webp\" alt=\"\" class=\"wp-image-37543\" srcset=\"https:\/\/www.redacteur.com\/blog\/wp-content\/uploads\/sites\/6\/2023\/06\/ton-style-redactionnel-3.webp 700w, https:\/\/www.redacteur.com\/blog\/wp-content\/uploads\/sites\/6\/2023\/06\/ton-style-redactionnel-3-300x200.webp 300w, https:\/\/www.redacteur.com\/blog\/wp-content\/uploads\/sites\/6\/2023\/06\/ton-style-redactionnel-3-60x40.webp 60w, https:\/\/www.redacteur.com\/blog\/wp-content\/uploads\/sites\/6\/2023\/06\/ton-style-redactionnel-3-370x247.webp 370w, https:\/\/www.redacteur.com\/blog\/wp-content\/uploads\/sites\/6\/2023\/06\/ton-style-redactionnel-3-270x180.webp 270w, https:\/\/www.redacteur.com\/blog\/wp-content\/uploads\/sites\/6\/2023\/06\/ton-style-redactionnel-3-570x380.webp 570w\" sizes=\"(max-width: 700px) 100vw, 700px\" \/><\/figure>\n\n\n\n<p>\u00c0 une m\u00eame question, ces syst\u00e8mes intelligents peuvent alors \u00eatre amen\u00e9s \u00e0 fournir exactement la m\u00eame r\u00e9ponse, mot pour mot. Bien s\u00fbr, il est possible de demander \u00e0 ChatGPT de reformuler sa r\u00e9ponse, en la complexifiant, la simplifiant, ou en lui donnant une nouvelle structure. <\/p>\n\n\n\n<p>Lorsque nous obtenons une r\u00e9ponse de ce robot intelligent, comment pouvons-nous \u00eatre certains que celle-ci n\u2019a pas d\u00e9j\u00e0 \u00e9t\u00e9 fournie, mot pour mot, \u00e0 d\u2019autres utilisateurs \u00e0 travers le monde&nbsp;? Nous ne le pouvons pas, et cela constitue un risque tr\u00e8s important pour notre r\u00e9f\u00e9rencement naturel, dans le cas o\u00f9 nous d\u00e9cidons d\u2019int\u00e9grer des <strong>textes issus de l\u2019IA<\/strong> dans nos sites web. <\/p>\n\n\n\n<p>Si de nombreux individus d\u00e9cident de copier-coller les textes g\u00e9n\u00e9r\u00e9s par l\u2019IA dans les contenus de leur site, il existe un risque que Google s\u2019en aper\u00e7oive. Si cette situation se produit, Google estimera alors que les contenus sont dupliqu\u00e9s ou plagi\u00e9s, et p\u00e9nalisera lourdement les pages web concern\u00e9es. N\u2019oublions pas que ce moteur de recherche appr\u00e9cie tout particuli\u00e8rement les contenus qualitatifs, et donc uniques&nbsp;! <\/p>\n\n\n\n<h3 class=\"wp-block-heading\">Le probl\u00e8me du ton et style r\u00e9dactionnel de l\u2019IA <\/h3>\n\n\n\n<p>Si vous vous \u00eates d\u00e9j\u00e0 amus\u00e9 \u00e0 tester l\u2019outil d\u2019OpenAI, vous avez certainement pu remarquer que ses r\u00e9ponses sont parfois tr\u00e8s formelles. Les subtilit\u00e9s de langage, de <strong>ton et de style r\u00e9dactionnel<\/strong> ne sont pas vraiment au programme. <\/p>\n\n\n\n<p>Cela se ressent tout particuli\u00e8rement lorsqu\u2019il est question de cr\u00e9er un texte philosophique, une po\u00e9sie, une chronique ou tout autre contenu \u00e9crit cibl\u00e9 qui demanderait une forte personnalisation ainsi qu\u2019une \u00ab \u00e2me \u00bb. Chose, justement, qui manque cruellement \u00e0 l\u2019intelligence artificielle telle qu\u2019on la conna\u00eet aujourd\u2019hui. <\/p>\n\n\n\n<p>Son ton est neutre, froid, et l\u2019absence d\u2019un humain derri\u00e8re le clavier se ressent brutalement au bout de quelques lignes de lecture. Le risque pour vos contenus est alors immense&nbsp;: celui de perdre l\u2019attention de vos internautes, d\u2019\u00eatre dans l\u2019impossibilit\u00e9 de cr\u00e9er un v\u00e9ritable lien avec eux, et de d\u00e9shumaniser votre entreprise \u00e0 leurs yeux. <\/p>\n\n\n\n<h3 class=\"wp-block-heading\">L&#8217;impr\u00e9cision des informations<\/h3>\n\n\n\n<p>Accorder une confiance absolue aux informations r\u00e9cit\u00e9es par l\u2019IA serait une erreur. Sur le site d\u2019OpenAI, l\u2019entreprise cr\u00e9atrice de ChatGPT, il est pr\u00e9cis\u00e9 que leur outil est encore en phase d\u2019exp\u00e9rimentation et que celui-ci peut \u00eatre amen\u00e9 \u00e0 fournir des informations erron\u00e9es.<\/p>\n\n\n\n<p>De plus, cette IA ne comprend que des informations actualis\u00e9es avant 2021&nbsp;: impossible donc pour ChatGPT de fournir \u00e0 ses utilisateurs des donn\u00e9es r\u00e9centes\u2026 La marge d\u2019erreur est alors plut\u00f4t importante&nbsp;! Cela repr\u00e9sente un risque pour le s\u00e9rieux de votre entreprise, pour votre relation \u00e0 votre communaut\u00e9, mais aussi pour <strong>votre r\u00e9f\u00e9rencement<\/strong>, car Google n\u2019appr\u00e9cie que tr\u00e8s peu les contenus erron\u00e9s, et p\u00e9nalise fortement leur position d&#8217;apparition dans la SERP. <\/p>\n\n\n\n<h2 class=\"wp-block-heading\">Quelles sont les exigences de Google en mati\u00e8re de r\u00e9f\u00e9rencement naturel&nbsp;? <\/h2>\n\n\n\n<figure class=\"wp-block-image size-full\"><img decoding=\"async\" width=\"700\" height=\"350\" src=\"https:\/\/www.redacteur.com\/blog\/wp-content\/uploads\/sites\/6\/2023\/06\/ton-style-redactionnel.webp\" alt=\"\" class=\"wp-image-37541\" srcset=\"https:\/\/www.redacteur.com\/blog\/wp-content\/uploads\/sites\/6\/2023\/06\/ton-style-redactionnel.webp 700w, https:\/\/www.redacteur.com\/blog\/wp-content\/uploads\/sites\/6\/2023\/06\/ton-style-redactionnel-300x150.webp 300w, https:\/\/www.redacteur.com\/blog\/wp-content\/uploads\/sites\/6\/2023\/06\/ton-style-redactionnel-60x30.webp 60w, https:\/\/www.redacteur.com\/blog\/wp-content\/uploads\/sites\/6\/2023\/06\/ton-style-redactionnel-370x185.webp 370w, https:\/\/www.redacteur.com\/blog\/wp-content\/uploads\/sites\/6\/2023\/06\/ton-style-redactionnel-270x135.webp 270w, https:\/\/www.redacteur.com\/blog\/wp-content\/uploads\/sites\/6\/2023\/06\/ton-style-redactionnel-570x285.webp 570w\" sizes=\"(max-width: 700px) 100vw, 700px\" \/><\/figure>\n\n\n\n<p>Pour que vos textes soient d\u00e9marqu\u00e9s des r\u00e9dactions IA, il est n\u00e9cessaire de<strong> fournir un effort autant sur le fond que sur la forme de vos r\u00e9dactions<\/strong>. Ceci, en parfait accord avec les normes instaur\u00e9es par l\u2019algorithme de Google, afin que vos \u00e9crits ne soient pas p\u00e9nalis\u00e9s par le moteur de recherche. <\/p>\n\n\n\n<h3 class=\"wp-block-heading\">Cr\u00e9er des articles avec une strat\u00e9gie de forme<\/h3>\n\n\n\n<p>Travailler la forme de vos articles est particuli\u00e8rement utile pour vous permettre d\u2019affirmer le c\u00f4t\u00e9 \u00ab humain \u00bb de vos textes. Pour ce faire, vous pouvez vous baser sur les exigences en termes de r\u00e9dactions \u00e9mises par Google, qui permettent au moteur de recherche de d\u00e9terminer la qualit\u00e9 d\u2019un contenu. <\/p>\n\n\n\n<p>Ces crit\u00e8res se basent, en partie, sur ce qui joue sur le ton et le style r\u00e9dactionnel&nbsp;: <\/p>\n\n\n\n<ul class=\"wp-block-list\">\n<li>L\u2019accessibilit\u00e9 du vocabulaire ;<\/li>\n<\/ul>\n\n\n\n<ul class=\"wp-block-list\">\n<li>La structure de l\u2019\u00e9criture ;<\/li>\n<\/ul>\n\n\n\n<ul class=\"wp-block-list\">\n<li>L\u2019int\u00e9gration d\u2019informations \u00e0 forte valeur ajout\u00e9e&#8230;<\/li>\n<\/ul>\n\n\n\n<p>Il s\u2019agit alors de cr\u00e9er de la valeur ajout\u00e9e \u00e0 partir de votre mani\u00e8re de r\u00e9diger vos articles, en utilisant un champ s\u00e9mantique riche, et en organisant vos informations de mani\u00e8re coh\u00e9rente. <\/p>\n\n\n\n<p>La d\u00e9termination d\u2019une charte \u00e9ditoriale peut \u00e9galement permettre d\u2019atteindre cet objectif, tout en vous d\u00e9marquant efficacement des contenus placides g\u00e9n\u00e9r\u00e9s par les IA. Votre strat\u00e9gie \u00e9ditoriale va alors permettre de construire une identit\u00e9 r\u00e9dactionnelle pour le blog de votre entreprise, une \u00ab patte \u00bb facilement reconnaissable, qui humanisera votre discours. <\/p>\n\n\n\n<h3 class=\"wp-block-heading\">Travailler le fond des r\u00e9dactions avec une strat\u00e9gie SEO optimis\u00e9e<\/h3>\n\n\n\n<p>Les bonnes pratiques de la r\u00e9daction web, m\u00eame si elles comportent quelques bases fondamentales, sont en permanente \u00e9volution. <\/p>\n\n\n\n<p>Ainsi, bien que les intelligences artificielles puissent avoir connaissance des <strong>strat\u00e9gies d\u2019optimisation SEO<\/strong>, celles-ci sont de plus en plus obsol\u00e8tes, puisqu\u2019elles ne sont pas mises \u00e0 jour, comme c\u2019est le cas pour ChatGPT par exemple. <\/p>\n\n\n\n<p>Pour r\u00e9ussir \u00e0 d\u00e9marquer vos contenus de ceux g\u00e9n\u00e9r\u00e9s par les IA, il est de ce fait essentiel d\u2019\u00eatre inform\u00e9 des nouveaut\u00e9s en mati\u00e8re de strat\u00e9gie d\u2019optimisation SEO, et d\u2019int\u00e9grer ces nouvelles pratiques dans vos \u00e9crits. <\/p>\n\n\n\n<p>Il s\u2019agit d\u2019un v\u00e9ritable travail de fond, qui est habituellement effectu\u00e9 par les r\u00e9dacteurs web, pour la cr\u00e9ation d\u2019articles aussi bien adapt\u00e9s aux humains qu\u2019aux exigences sans cesse renouvel\u00e9es des moteurs de recherche. <\/p>\n\n\n\n<h2 class=\"wp-block-heading\">Les meilleures strat\u00e9gies pour se d\u00e9marquer de l\u2019IA dans ses \u00e9crits <\/h2>\n\n\n\n<figure class=\"wp-block-image size-full\"><img decoding=\"async\" width=\"700\" height=\"687\" src=\"https:\/\/www.redacteur.com\/blog\/wp-content\/uploads\/sites\/6\/2023\/06\/ton-style-redactionnel-2.webp\" alt=\"\" class=\"wp-image-37542\" srcset=\"https:\/\/www.redacteur.com\/blog\/wp-content\/uploads\/sites\/6\/2023\/06\/ton-style-redactionnel-2.webp 700w, https:\/\/www.redacteur.com\/blog\/wp-content\/uploads\/sites\/6\/2023\/06\/ton-style-redactionnel-2-300x294.webp 300w, https:\/\/www.redacteur.com\/blog\/wp-content\/uploads\/sites\/6\/2023\/06\/ton-style-redactionnel-2-60x60.webp 60w, https:\/\/www.redacteur.com\/blog\/wp-content\/uploads\/sites\/6\/2023\/06\/ton-style-redactionnel-2-370x363.webp 370w, https:\/\/www.redacteur.com\/blog\/wp-content\/uploads\/sites\/6\/2023\/06\/ton-style-redactionnel-2-270x265.webp 270w, https:\/\/www.redacteur.com\/blog\/wp-content\/uploads\/sites\/6\/2023\/06\/ton-style-redactionnel-2-570x559.webp 570w\" sizes=\"(max-width: 700px) 100vw, 700px\" \/><\/figure>\n\n\n\n<h3 class=\"wp-block-heading\">Adopter un style facilement identifiable <\/h3>\n\n\n\n<p>L\u2019\u00e9laboration d\u2019une strat\u00e9gie \u00e9ditoriale, comprenant des <strong>exigences en mati\u00e8re de ton et de style r\u00e9dactionnel<\/strong>, en amont de votre r\u00e9daction, est essentielle. Celle-ci permettra de d\u00e9finir le type de relation que vous souhaitez cr\u00e9er avec votre cible via vos publications, mais aussi de rendre facilement identifiables vos \u00e9crits. Cela, en accord avec votre image de marque&nbsp;!<\/p>\n\n\n\n<p>Tout comme chaque humain poss\u00e8de sa propre mani\u00e8re de s\u2019exprimer, son vocabulaire et sa syntaxe propre, il est essentiel que vos articles comprennent \u00e9galement ces \u00e9l\u00e9ments. Ceci, pour qu\u2019ils paraissent justement les plus \u00ab humains \u00bb possibles&nbsp;! Cette strat\u00e9gie vous permettra par ailleurs de mettre en valeur votre image de marque, d\u2019affirmer votre positionnement, et donc d\u2019int\u00e9grer vos r\u00e9dactions dans une strat\u00e9gie de communication aussi globale que coh\u00e9rente. <\/p>\n\n\n\n<h3 class=\"wp-block-heading\">Adapter son langage \u00e0 sa cible <\/h3>\n\n\n\n<p>Bien s\u00fbr, on ne peut s\u2019adresser de la m\u00eame mani\u00e8re \u00e0 des cibles diff\u00e9rentes. Le ton et le style r\u00e9dactionnel utilis\u00e9s ne seront pas identiques selon les composants de vos personas, car chaque cible exige (et m\u00e9rite&nbsp;!) de b\u00e9n\u00e9ficier d\u2019un discours enti\u00e8rement personnalis\u00e9, r\u00e9pondant \u00e0 ses besoins tout en retenant efficacement son attention. Ceci n\u2019est malheureusement pas possible en ayant recours \u00e0 la r\u00e9daction assist\u00e9e par l\u2019IA, g\u00e9n\u00e9rant des textes impersonnels&nbsp;: il est donc essentiel de vous adresser \u00e0 votre cible de mani\u00e8re personnalis\u00e9e, afin de <strong>vous d\u00e9marquer des intelligences artificielles<\/strong>. <\/p>\n\n\n\n<p>L\u2019adaptation du discours en fonction de votre cible, en plus d\u2019affirmer et de promouvoir votre image de marque, permet de cr\u00e9er un lien avec votre public. Une relation de confiance durable peut s\u2019installer entre votre entreprise et vos lecteurs, qui se sentiront compris et entendus via vos articles. <\/p>\n\n\n\n<p>La cr\u00e9ation d\u2019une communaut\u00e9 solide est alors possible, ce qui b\u00e9n\u00e9ficie \u00e0 votre chiffre d\u2019affaires, en plus de favoriser le recours \u00e0 des canaux de communication indirects, tels que le bouche-\u00e0-oreille par exemple. <\/p>\n\n\n\n<p>Ces objectifs ne peuvent \u00eatre atteints qu\u2019avec un r\u00e9dacteur humain, comprenant les subtilit\u00e9s de la communication interpersonnelle ainsi que les besoins non exprim\u00e9s de votre cible. La r\u00e9daction de contenus web exige la compr\u00e9hension de consignes complexes&nbsp;: or, l\u2019IA ne peut que g\u00e9n\u00e9rer des textes au contenu compliqu\u00e9.<\/p>\n\n\n\n<p>Ainsi, pour vous diff\u00e9rencier de l&#8217;IA, il faut int\u00e9grer \u00e0 vos contenus des \u00e9l\u00e9ments de discours, de ton et de style r\u00e9dactionnel complexes.<\/p>\n\n\n\n<h3 class=\"wp-block-heading\">L\u2019utilisation de r\u00e9f\u00e9rences r\u00e9centes et cr\u00e9dit\u00e9es<\/h3>\n\n\n\n<p>Pour d\u00e9marquer votre style et ton r\u00e9dactionnel de ceux utilis\u00e9s par l\u2019IA, il est \u00e9galement bon d&#8217;avoir recours \u00e0 des r\u00e9f\u00e9rences fiables et r\u00e9centes. Tout d\u2019abord, cela permettra d\u2019affirmer votre expertise, un \u00e9l\u00e9ment tr\u00e8s fortement appr\u00e9ci\u00e9 par Google pour le bon r\u00e9f\u00e9rencement des contenus. <\/p>\n\n\n\n<p>Par ailleurs, cela permettra de d\u00e9montrer l\u2019ampleur des recherches effectu\u00e9es pour <strong>la r\u00e9daction de vos articles<\/strong>, un bon point pour votre cr\u00e9dibilit\u00e9 aupr\u00e8s de votre cible. <\/p>\n\n\n\n<p>Les intelligences artificielles non int\u00e9gr\u00e9es aux moteurs de recherche ne basent pas leurs r\u00e9ponses sur des recherches qu\u2019elles effectuent sur le web. Celles-ci ne peuvent donc pas fournir l\u2019origine des informations donn\u00e9es \u00e0 leurs utilisateurs, puisqu\u2019elles sont pr\u00e9-entra\u00een\u00e9es \u00e0 enregistrer, puis \u00e0 fournir des donn\u00e9es mises en forme pour la bonne compr\u00e9hension de leurs lecteurs. <\/p>\n\n\n\n<p>Rappelons aussi que les connaissances de ChatGPT se limitent dans le temps&nbsp;: celui-ci n\u2019a donc pas acc\u00e8s \u00e0 des informations pr\u00e9sentes sur le web apr\u00e8s septembre 2021.<\/p>\n\n\n\n<p>Pour r\u00e9ussir \u00e0 vous d\u00e9marquer des r\u00e9dactions assist\u00e9es par l\u2019IA, il est de ce fait utile de baser vos \u00e9crits sur des r\u00e9f\u00e9rences tr\u00e8s r\u00e9centes, mais \u00e9galement de cr\u00e9diter celles-ci en fin d\u2019article. <\/p>\n\n\n\n<h2 class=\"wp-block-heading\">Notre astuce pour adopter un ton et un style r\u00e9dactionnel adapt\u00e9 <\/h2>\n\n\n\n<p>Comme vous le constatez, r\u00e9diger un article se d\u00e9marquant de ceux produits par les IA, via un ton et un style r\u00e9dactionnel adapt\u00e9, est une t\u00e2che complexe. <\/p>\n\n\n\n<p>Pour obtenir un r\u00e9sultat \u00e0 la hauteur de vos esp\u00e9rances, orientez-vous vers un expert en la mati\u00e8re via notre <a href=\"https:\/\/www.redacteur.com\/\">plateforme de r\u00e9daction<\/a>. Vous vous assurez ainsi d\u2019obtenir des contenus uniques, refl\u00e9tant pleinement l&#8217;image de votre entreprise et <strong>adapt\u00e9s \u00e0 votre strat\u00e9gie \u00e9ditoriale<\/strong>.<\/p>\n","protected":false},"excerpt":{"rendered":"<p>La n\u00e9cessit\u00e9 de cr\u00e9er des contenus se diff\u00e9renciant de ceux produits par les IA est aujourd\u2019hui tr\u00e8s pr\u00e9sente au sein des entreprises. Faire appel \u00e0 un r\u00e9dacteur web pour la r\u00e9daction d&#8217;articles est alors une excellente solution, permettant d\u2019obtenir des textes uniques, pleinement adapt\u00e9s \u00e0 votre charte \u00e9ditoriale. Les r\u00e9dacteurs professionnels se diff\u00e9rencient gr\u00e2ce \u00e0 [&hellip;]<\/p>\n","protected":false},"author":1,"featured_media":37538,"comment_status":"closed","ping_status":"closed","sticky":false,"template":"","format":"standard","meta":{"_acf_changed":false,"inline_featured_image":false,"footnotes":""},"categories":[2],"tags":[],"class_list":["post-37537","post","type-post","status-publish","format-standard","has-post-thumbnail","hentry","category-contenu-web"],"acf":[],"yoast_head":"<!-- This site is optimized with the Yoast SEO plugin v25.9 - https:\/\/yoast.com\/wordpress\/plugins\/seo\/ -->\n<title>Quel ton et style r\u00e9dactionnel adopter en 2024 face \u00e0 l&#039;IA\u00a0? - Redacteur Blog<\/title>\n<meta name=\"description\" content=\"La n\u00e9cessit\u00e9 de cr\u00e9er des contenus se diff\u00e9renciant de ceux produits par les IA est aujourd\u2019hui tr\u00e8s pr\u00e9sente au sein des entreprises. Faire appel \u00e0 un\" \/>\n<meta name=\"robots\" content=\"index, follow, max-snippet:-1, max-image-preview:large, max-video-preview:-1\" \/>\n<link rel=\"canonical\" href=\"https:\/\/www.redacteur.com\/blog\/ton-style-redactionnel\/\" \/>\n<meta property=\"og:locale\" content=\"fr_FR\" \/>\n<meta property=\"og:type\" content=\"article\" \/>\n<meta property=\"og:title\" content=\"Quel ton et style r\u00e9dactionnel adopter en 2024 face \u00e0 l&#039;IA\u00a0? - Redacteur Blog\" \/>\n<meta property=\"og:description\" content=\"La n\u00e9cessit\u00e9 de cr\u00e9er des contenus se diff\u00e9renciant de ceux produits par les IA est aujourd\u2019hui tr\u00e8s pr\u00e9sente au sein des entreprises. Faire appel \u00e0 un\" \/>\n<meta property=\"og:url\" content=\"https:\/\/www.redacteur.com\/blog\/ton-style-redactionnel\/\" \/>\n<meta property=\"og:site_name\" content=\"Redacteur.com\" \/>\n<meta property=\"article:publisher\" content=\"https:\/\/www.facebook.com\/redacteurcom\" \/>\n<meta property=\"article:published_time\" content=\"2023-06-20T08:50:00+00:00\" \/>\n<meta property=\"article:modified_time\" content=\"2024-01-23T09:55:19+00:00\" \/>\n<meta property=\"og:image\" content=\"https:\/\/www.redacteur.com\/blog\/wp-content\/uploads\/sites\/6\/2023\/06\/ton-style-redactionnel.jpg\" \/>\n\t<meta property=\"og:image:width\" content=\"1024\" \/>\n\t<meta property=\"og:image:height\" content=\"618\" \/>\n\t<meta property=\"og:image:type\" content=\"image\/jpeg\" \/>\n<meta name=\"author\" content=\"Laura Michaud\" \/>\n<meta name=\"twitter:card\" content=\"summary_large_image\" \/>\n<meta name=\"twitter:creator\" content=\"@Redacteurcom\" \/>\n<meta name=\"twitter:site\" content=\"@Redacteurcom\" \/>\n<meta name=\"twitter:label1\" content=\"\u00c9crit par\" \/>\n\t<meta name=\"twitter:data1\" content=\"Laura Michaud\" \/>\n\t<meta name=\"twitter:label2\" content=\"Dur\u00e9e de lecture estim\u00e9e\" \/>\n\t<meta name=\"twitter:data2\" content=\"10 minutes\" \/>\n<script type=\"application\/ld+json\" class=\"yoast-schema-graph\">{\"@context\":\"https:\/\/schema.org\",\"@graph\":[{\"@type\":\"Article\",\"@id\":\"https:\/\/www.redacteur.com\/blog\/ton-style-redactionnel\/#article\",\"isPartOf\":{\"@id\":\"https:\/\/www.redacteur.com\/blog\/ton-style-redactionnel\/\"},\"author\":{\"name\":\"Laura Michaud\",\"@id\":\"https:\/\/www.redacteur.com\/blog\/#\/schema\/person\/33c0ef04707fbe50a096f282050bb5f2\"},\"headline\":\"Quel ton et style r\u00e9dactionnel adopter en 2024 face \u00e0 l&#8217;IA\u00a0?\",\"datePublished\":\"2023-06-20T08:50:00+00:00\",\"dateModified\":\"2024-01-23T09:55:19+00:00\",\"mainEntityOfPage\":{\"@id\":\"https:\/\/www.redacteur.com\/blog\/ton-style-redactionnel\/\"},\"wordCount\":2027,\"publisher\":{\"@id\":\"https:\/\/www.redacteur.com\/blog\/#organization\"},\"image\":{\"@id\":\"https:\/\/www.redacteur.com\/blog\/ton-style-redactionnel\/#primaryimage\"},\"thumbnailUrl\":\"https:\/\/www.redacteur.com\/blog\/wp-content\/uploads\/sites\/6\/2023\/06\/ton-style-redactionnel.jpg\",\"articleSection\":[\"Content marketing\"],\"inLanguage\":\"fr-FR\"},{\"@type\":\"WebPage\",\"@id\":\"https:\/\/www.redacteur.com\/blog\/ton-style-redactionnel\/\",\"url\":\"https:\/\/www.redacteur.com\/blog\/ton-style-redactionnel\/\",\"name\":\"Quel ton et style r\u00e9dactionnel adopter en 2024 face \u00e0 l'IA\u00a0? - Redacteur Blog\",\"isPartOf\":{\"@id\":\"https:\/\/www.redacteur.com\/blog\/#website\"},\"primaryImageOfPage\":{\"@id\":\"https:\/\/www.redacteur.com\/blog\/ton-style-redactionnel\/#primaryimage\"},\"image\":{\"@id\":\"https:\/\/www.redacteur.com\/blog\/ton-style-redactionnel\/#primaryimage\"},\"thumbnailUrl\":\"https:\/\/www.redacteur.com\/blog\/wp-content\/uploads\/sites\/6\/2023\/06\/ton-style-redactionnel.jpg\",\"datePublished\":\"2023-06-20T08:50:00+00:00\",\"dateModified\":\"2024-01-23T09:55:19+00:00\",\"description\":\"La n\u00e9cessit\u00e9 de cr\u00e9er des contenus se diff\u00e9renciant de ceux produits par les IA est aujourd\u2019hui tr\u00e8s pr\u00e9sente au sein des entreprises. Faire appel \u00e0 un\",\"breadcrumb\":{\"@id\":\"https:\/\/www.redacteur.com\/blog\/ton-style-redactionnel\/#breadcrumb\"},\"inLanguage\":\"fr-FR\",\"potentialAction\":[{\"@type\":\"ReadAction\",\"target\":[\"https:\/\/www.redacteur.com\/blog\/ton-style-redactionnel\/\"]}]},{\"@type\":\"ImageObject\",\"inLanguage\":\"fr-FR\",\"@id\":\"https:\/\/www.redacteur.com\/blog\/ton-style-redactionnel\/#primaryimage\",\"url\":\"https:\/\/www.redacteur.com\/blog\/wp-content\/uploads\/sites\/6\/2023\/06\/ton-style-redactionnel.jpg\",\"contentUrl\":\"https:\/\/www.redacteur.com\/blog\/wp-content\/uploads\/sites\/6\/2023\/06\/ton-style-redactionnel.jpg\",\"width\":1024,\"height\":618,\"caption\":\"ton-style-redactionnel\"},{\"@type\":\"BreadcrumbList\",\"@id\":\"https:\/\/www.redacteur.com\/blog\/ton-style-redactionnel\/#breadcrumb\",\"itemListElement\":[{\"@type\":\"ListItem\",\"position\":1,\"name\":\"Blog\",\"item\":\"https:\/\/www.redacteur.com\/blog\/\"},{\"@type\":\"ListItem\",\"position\":2,\"name\":\"Content marketing\",\"item\":\"https:\/\/www.redacteur.com\/blog\/contenu-web\/\"},{\"@type\":\"ListItem\",\"position\":3,\"name\":\"Quel ton et style r\u00e9dactionnel adopter en 2024 face \u00e0 l&#8217;IA\u00a0?\"}]},{\"@type\":\"WebSite\",\"@id\":\"https:\/\/www.redacteur.com\/blog\/#website\",\"url\":\"https:\/\/www.redacteur.com\/blog\/\",\"name\":\"Redacteur.com\",\"description\":\"redacteur\",\"publisher\":{\"@id\":\"https:\/\/www.redacteur.com\/blog\/#organization\"},\"potentialAction\":[{\"@type\":\"SearchAction\",\"target\":{\"@type\":\"EntryPoint\",\"urlTemplate\":\"https:\/\/www.redacteur.com\/blog\/?s={search_term_string}\"},\"query-input\":{\"@type\":\"PropertyValueSpecification\",\"valueRequired\":true,\"valueName\":\"search_term_string\"}}],\"inLanguage\":\"fr-FR\"},{\"@type\":\"Organization\",\"@id\":\"https:\/\/www.redacteur.com\/blog\/#organization\",\"name\":\"Redacteur.com\",\"url\":\"https:\/\/www.redacteur.com\/blog\/\",\"logo\":{\"@type\":\"ImageObject\",\"inLanguage\":\"fr-FR\",\"@id\":\"https:\/\/www.redacteur.com\/blog\/#\/schema\/logo\/image\/\",\"url\":\"https:\/\/www.redacteur.com\/blog\/wp-content\/uploads\/sites\/6\/2022\/10\/logo-redacteur-blog.svg\",\"contentUrl\":\"https:\/\/www.redacteur.com\/blog\/wp-content\/uploads\/sites\/6\/2022\/10\/logo-redacteur-blog.svg\",\"width\":1,\"height\":1,\"caption\":\"Redacteur.com\"},\"image\":{\"@id\":\"https:\/\/www.redacteur.com\/blog\/#\/schema\/logo\/image\/\"},\"sameAs\":[\"https:\/\/www.facebook.com\/redacteurcom\",\"https:\/\/x.com\/Redacteurcom\",\"https:\/\/www.linkedin.com\/company\/redacteur-com\",\"https:\/\/www.youtube.com\/channel\/UCgj9ySM9xy3gdL8qBafl9Uw\/\"]},{\"@type\":\"Person\",\"@id\":\"https:\/\/www.redacteur.com\/blog\/#\/schema\/person\/33c0ef04707fbe50a096f282050bb5f2\",\"name\":\"Laura Michaud\",\"image\":{\"@type\":\"ImageObject\",\"inLanguage\":\"fr-FR\",\"@id\":\"https:\/\/www.redacteur.com\/blog\/#\/schema\/person\/image\/\",\"url\":\"https:\/\/secure.gravatar.com\/avatar\/c3328cc0c887f98cec6b2979af3311ab6333fc7cc2d4847514cfec6a56fa08a7?s=96&d=mm&r=g\",\"contentUrl\":\"https:\/\/secure.gravatar.com\/avatar\/c3328cc0c887f98cec6b2979af3311ab6333fc7cc2d4847514cfec6a56fa08a7?s=96&d=mm&r=g\",\"caption\":\"Laura Michaud\"},\"description\":\"Laura connait tous les meilleurs outils pour g\u00e9rer des projets et une entreprise. Cr\u00e9ative, c'est aussi une sp\u00e9cialiste des outils de cr\u00e9ation graphique pour faire briller une entreprise.\",\"sameAs\":[\"https:\/\/www.linkedin.com\/in\/michaudlaura\/\"],\"url\":\"https:\/\/www.redacteur.com\/blog\/author\/laura\/\"}]}<\/script>\n<!-- \/ Yoast SEO plugin. -->","yoast_head_json":{"title":"Quel ton et style r\u00e9dactionnel adopter en 2024 face \u00e0 l'IA\u00a0? - Redacteur Blog","description":"La n\u00e9cessit\u00e9 de cr\u00e9er des contenus se diff\u00e9renciant de ceux produits par les IA est aujourd\u2019hui tr\u00e8s pr\u00e9sente au sein des entreprises. Faire appel \u00e0 un","robots":{"index":"index","follow":"follow","max-snippet":"max-snippet:-1","max-image-preview":"max-image-preview:large","max-video-preview":"max-video-preview:-1"},"canonical":"https:\/\/www.redacteur.com\/blog\/ton-style-redactionnel\/","og_locale":"fr_FR","og_type":"article","og_title":"Quel ton et style r\u00e9dactionnel adopter en 2024 face \u00e0 l'IA\u00a0? - Redacteur Blog","og_description":"La n\u00e9cessit\u00e9 de cr\u00e9er des contenus se diff\u00e9renciant de ceux produits par les IA est aujourd\u2019hui tr\u00e8s pr\u00e9sente au sein des entreprises. Faire appel \u00e0 un","og_url":"https:\/\/www.redacteur.com\/blog\/ton-style-redactionnel\/","og_site_name":"Redacteur.com","article_publisher":"https:\/\/www.facebook.com\/redacteurcom","article_published_time":"2023-06-20T08:50:00+00:00","article_modified_time":"2024-01-23T09:55:19+00:00","og_image":[{"width":1024,"height":618,"url":"https:\/\/www.redacteur.com\/blog\/wp-content\/uploads\/sites\/6\/2023\/06\/ton-style-redactionnel.jpg","type":"image\/jpeg"}],"author":"Laura Michaud","twitter_card":"summary_large_image","twitter_creator":"@Redacteurcom","twitter_site":"@Redacteurcom","twitter_misc":{"\u00c9crit par":"Laura Michaud","Dur\u00e9e de lecture estim\u00e9e":"10 minutes"},"schema":{"@context":"https:\/\/schema.org","@graph":[{"@type":"Article","@id":"https:\/\/www.redacteur.com\/blog\/ton-style-redactionnel\/#article","isPartOf":{"@id":"https:\/\/www.redacteur.com\/blog\/ton-style-redactionnel\/"},"author":{"name":"Laura Michaud","@id":"https:\/\/www.redacteur.com\/blog\/#\/schema\/person\/33c0ef04707fbe50a096f282050bb5f2"},"headline":"Quel ton et style r\u00e9dactionnel adopter en 2024 face \u00e0 l&#8217;IA\u00a0?","datePublished":"2023-06-20T08:50:00+00:00","dateModified":"2024-01-23T09:55:19+00:00","mainEntityOfPage":{"@id":"https:\/\/www.redacteur.com\/blog\/ton-style-redactionnel\/"},"wordCount":2027,"publisher":{"@id":"https:\/\/www.redacteur.com\/blog\/#organization"},"image":{"@id":"https:\/\/www.redacteur.com\/blog\/ton-style-redactionnel\/#primaryimage"},"thumbnailUrl":"https:\/\/www.redacteur.com\/blog\/wp-content\/uploads\/sites\/6\/2023\/06\/ton-style-redactionnel.jpg","articleSection":["Content marketing"],"inLanguage":"fr-FR"},{"@type":"WebPage","@id":"https:\/\/www.redacteur.com\/blog\/ton-style-redactionnel\/","url":"https:\/\/www.redacteur.com\/blog\/ton-style-redactionnel\/","name":"Quel ton et style r\u00e9dactionnel adopter en 2024 face \u00e0 l'IA\u00a0? - Redacteur Blog","isPartOf":{"@id":"https:\/\/www.redacteur.com\/blog\/#website"},"primaryImageOfPage":{"@id":"https:\/\/www.redacteur.com\/blog\/ton-style-redactionnel\/#primaryimage"},"image":{"@id":"https:\/\/www.redacteur.com\/blog\/ton-style-redactionnel\/#primaryimage"},"thumbnailUrl":"https:\/\/www.redacteur.com\/blog\/wp-content\/uploads\/sites\/6\/2023\/06\/ton-style-redactionnel.jpg","datePublished":"2023-06-20T08:50:00+00:00","dateModified":"2024-01-23T09:55:19+00:00","description":"La n\u00e9cessit\u00e9 de cr\u00e9er des contenus se diff\u00e9renciant de ceux produits par les IA est aujourd\u2019hui tr\u00e8s pr\u00e9sente au sein des entreprises. Faire appel \u00e0 un","breadcrumb":{"@id":"https:\/\/www.redacteur.com\/blog\/ton-style-redactionnel\/#breadcrumb"},"inLanguage":"fr-FR","potentialAction":[{"@type":"ReadAction","target":["https:\/\/www.redacteur.com\/blog\/ton-style-redactionnel\/"]}]},{"@type":"ImageObject","inLanguage":"fr-FR","@id":"https:\/\/www.redacteur.com\/blog\/ton-style-redactionnel\/#primaryimage","url":"https:\/\/www.redacteur.com\/blog\/wp-content\/uploads\/sites\/6\/2023\/06\/ton-style-redactionnel.jpg","contentUrl":"https:\/\/www.redacteur.com\/blog\/wp-content\/uploads\/sites\/6\/2023\/06\/ton-style-redactionnel.jpg","width":1024,"height":618,"caption":"ton-style-redactionnel"},{"@type":"BreadcrumbList","@id":"https:\/\/www.redacteur.com\/blog\/ton-style-redactionnel\/#breadcrumb","itemListElement":[{"@type":"ListItem","position":1,"name":"Blog","item":"https:\/\/www.redacteur.com\/blog\/"},{"@type":"ListItem","position":2,"name":"Content marketing","item":"https:\/\/www.redacteur.com\/blog\/contenu-web\/"},{"@type":"ListItem","position":3,"name":"Quel ton et style r\u00e9dactionnel adopter en 2024 face \u00e0 l&#8217;IA\u00a0?"}]},{"@type":"WebSite","@id":"https:\/\/www.redacteur.com\/blog\/#website","url":"https:\/\/www.redacteur.com\/blog\/","name":"Redacteur.com","description":"redacteur","publisher":{"@id":"https:\/\/www.redacteur.com\/blog\/#organization"},"potentialAction":[{"@type":"SearchAction","target":{"@type":"EntryPoint","urlTemplate":"https:\/\/www.redacteur.com\/blog\/?s={search_term_string}"},"query-input":{"@type":"PropertyValueSpecification","valueRequired":true,"valueName":"search_term_string"}}],"inLanguage":"fr-FR"},{"@type":"Organization","@id":"https:\/\/www.redacteur.com\/blog\/#organization","name":"Redacteur.com","url":"https:\/\/www.redacteur.com\/blog\/","logo":{"@type":"ImageObject","inLanguage":"fr-FR","@id":"https:\/\/www.redacteur.com\/blog\/#\/schema\/logo\/image\/","url":"https:\/\/www.redacteur.com\/blog\/wp-content\/uploads\/sites\/6\/2022\/10\/logo-redacteur-blog.svg","contentUrl":"https:\/\/www.redacteur.com\/blog\/wp-content\/uploads\/sites\/6\/2022\/10\/logo-redacteur-blog.svg","width":1,"height":1,"caption":"Redacteur.com"},"image":{"@id":"https:\/\/www.redacteur.com\/blog\/#\/schema\/logo\/image\/"},"sameAs":["https:\/\/www.facebook.com\/redacteurcom","https:\/\/x.com\/Redacteurcom","https:\/\/www.linkedin.com\/company\/redacteur-com","https:\/\/www.youtube.com\/channel\/UCgj9ySM9xy3gdL8qBafl9Uw\/"]},{"@type":"Person","@id":"https:\/\/www.redacteur.com\/blog\/#\/schema\/person\/33c0ef04707fbe50a096f282050bb5f2","name":"Laura Michaud","image":{"@type":"ImageObject","inLanguage":"fr-FR","@id":"https:\/\/www.redacteur.com\/blog\/#\/schema\/person\/image\/","url":"https:\/\/secure.gravatar.com\/avatar\/c3328cc0c887f98cec6b2979af3311ab6333fc7cc2d4847514cfec6a56fa08a7?s=96&d=mm&r=g","contentUrl":"https:\/\/secure.gravatar.com\/avatar\/c3328cc0c887f98cec6b2979af3311ab6333fc7cc2d4847514cfec6a56fa08a7?s=96&d=mm&r=g","caption":"Laura Michaud"},"description":"Laura connait tous les meilleurs outils pour g\u00e9rer des projets et une entreprise. Cr\u00e9ative, c'est aussi une sp\u00e9cialiste des outils de cr\u00e9ation graphique pour faire briller une entreprise.","sameAs":["https:\/\/www.linkedin.com\/in\/michaudlaura\/"],"url":"https:\/\/www.redacteur.com\/blog\/author\/laura\/"}]}},"_links":{"self":[{"href":"https:\/\/www.redacteur.com\/blog\/wp-json\/wp\/v2\/posts\/37537","targetHints":{"allow":["GET"]}}],"collection":[{"href":"https:\/\/www.redacteur.com\/blog\/wp-json\/wp\/v2\/posts"}],"about":[{"href":"https:\/\/www.redacteur.com\/blog\/wp-json\/wp\/v2\/types\/post"}],"author":[{"embeddable":true,"href":"https:\/\/www.redacteur.com\/blog\/wp-json\/wp\/v2\/users\/1"}],"replies":[{"embeddable":true,"href":"https:\/\/www.redacteur.com\/blog\/wp-json\/wp\/v2\/comments?post=37537"}],"version-history":[{"count":0,"href":"https:\/\/www.redacteur.com\/blog\/wp-json\/wp\/v2\/posts\/37537\/revisions"}],"wp:featuredmedia":[{"embeddable":true,"href":"https:\/\/www.redacteur.com\/blog\/wp-json\/wp\/v2\/media\/37538"}],"wp:attachment":[{"href":"https:\/\/www.redacteur.com\/blog\/wp-json\/wp\/v2\/media?parent=37537"}],"wp:term":[{"taxonomy":"category","embeddable":true,"href":"https:\/\/www.redacteur.com\/blog\/wp-json\/wp\/v2\/categories?post=37537"},{"taxonomy":"post_tag","embeddable":true,"href":"https:\/\/www.redacteur.com\/blog\/wp-json\/wp\/v2\/tags?post=37537"}],"curies":[{"name":"wp","href":"https:\/\/api.w.org\/{rel}","templated":true}]}}