{"id":38739,"date":"2023-10-10T10:50:00","date_gmt":"2023-10-10T08:50:00","guid":{"rendered":"https:\/\/www.redacteur.com\/blog\/?p=38739"},"modified":"2023-10-06T14:15:55","modified_gmt":"2023-10-06T12:15:55","slug":"faire-rediger-publication-linkedin","status":"publish","type":"post","link":"https:\/\/www.redacteur.com\/blog\/faire-rediger-publication-linkedin\/","title":{"rendered":"Faut-il faire r\u00e9diger vos publications LinkedIn en externe&nbsp;?"},"content":{"rendered":"\n<p>En tant que r\u00e9seau social professionnel de premier plan, LinkedIn propose aux entreprises une multitude d&#8217;avantages strat\u00e9giques pour \u00e9tablir des relations, d\u00e9velopper son personal branding, renforcer la visibilit\u00e9 de son entreprise et \u00e0 \u00e9largir son portefeuille de clients. Gr\u00e2ce \u00e0 sa port\u00e9e mondiale et \u00e0 son public ax\u00e9 sur le monde professionnel, LinkedIn constitue un outil puissant pour d\u00e9velopper son r\u00e9seau, partager son expertise et faire cro\u00eetre son entreprise de mani\u00e8re significative.<\/p>\n\n\n\n<p>Dans le cadre de la r\u00e9daction d\u2019articles ou de posts pour les r\u00e9seaux sociaux, faites appel \u00e0 un <a href=\"https:\/\/www.redacteur.com\/redacteur-web\">r\u00e9dacteur web<\/a>&nbsp;!<\/p>\n\n\n\n<p>Au travers de cet article, d\u00e9couvrez pourquoi les publications LinkedIn sont importantes et quels sont les \u00e9l\u00e9ments fondamentaux \u00e0 mettre en valeur dans une publication LinkedIn. Nous prendrons \u00e9galement le temps de d\u00e9crypter ensemble quelles sont les astuces pour <strong>faire r\u00e9diger vos publications LinkedIn<\/strong> en interne et en externe.<\/p>\n\n\n\n<h2 class=\"wp-block-heading\">Pourquoi les publications LinkedIn sont importantes&nbsp;?<\/h2>\n\n\n\n<figure class=\"wp-block-image size-full\"><img decoding=\"async\" width=\"700\" height=\"467\" src=\"https:\/\/www.redacteur.com\/blog\/wp-content\/uploads\/sites\/6\/2023\/10\/faire-rediger-publication-linkedin.webp\" alt=\"\" class=\"wp-image-38743\" srcset=\"https:\/\/www.redacteur.com\/blog\/wp-content\/uploads\/sites\/6\/2023\/10\/faire-rediger-publication-linkedin.webp 700w, https:\/\/www.redacteur.com\/blog\/wp-content\/uploads\/sites\/6\/2023\/10\/faire-rediger-publication-linkedin-300x200.webp 300w, https:\/\/www.redacteur.com\/blog\/wp-content\/uploads\/sites\/6\/2023\/10\/faire-rediger-publication-linkedin-60x40.webp 60w, https:\/\/www.redacteur.com\/blog\/wp-content\/uploads\/sites\/6\/2023\/10\/faire-rediger-publication-linkedin-370x247.webp 370w, https:\/\/www.redacteur.com\/blog\/wp-content\/uploads\/sites\/6\/2023\/10\/faire-rediger-publication-linkedin-270x180.webp 270w, https:\/\/www.redacteur.com\/blog\/wp-content\/uploads\/sites\/6\/2023\/10\/faire-rediger-publication-linkedin-570x380.webp 570w\" sizes=\"(max-width: 700px) 100vw, 700px\" \/><\/figure>\n\n\n\n<h3 class=\"wp-block-heading\">Se faire conna\u00eetre (personal branding)<\/h3>\n\n\n\n<p>Au m\u00eame titre que les entreprises, les collaborateurs sont invit\u00e9s \u00e0 cultiver leur image. Le personal branding, \u00e9galement appel\u00e9 gestion de sa marque personnelle, est devenu un outil essentiel dans le monde professionnel moderne. En tant que r\u00e9seau social professionnel par excellence, LinkedIn est LA plateforme id\u00e9ale pour d\u00e9velopper et promouvoir son personal branding. <\/p>\n\n\n\n<p>Une strat\u00e9gie de personal branding efficace vous permet \u00e0 la fois de vous d\u00e9marquer de vos concurrents, de vous imposer en tant qu\u2019expert dans un secteur d\u2019activit\u00e9 en particulier, mais aussi de d\u00e9velopper votre portefeuille de clients. <\/p>\n\n\n\n<h3 class=\"wp-block-heading\">Faire conna\u00eetre sa marque<\/h3>\n\n\n\n<p>LinkedIn est un r\u00e9seau social incontournable pour les entreprises. Il est con\u00e7u pour aider les entreprises \u00e0 d\u00e9velopper leur visibilit\u00e9, se faire conna\u00eetre mais aussi cr\u00e9er des partenariats avec des entreprises ou bien trouver de nouveaux clients. <\/p>\n\n\n\n<p>Sur LinkedIn, vous avez la possibilit\u00e9 de cr\u00e9er une page entreprise \u00e0 laquelle peuvent s\u2019abonner vos clients et partenaires pour suivre vos actualit\u00e9s. Cette page est \u00e9galement essentielle pour mettre en avant votre expertise et les services que vous proposez. <\/p>\n\n\n\n<p>L\u2019avantage de LinkedIn est \u00e9galement que vous pouvez effectuer votre recrutement via la plateforme en cr\u00e9ant des offres d\u2019emploi.<\/p>\n\n\n\n<h3 class=\"wp-block-heading\">Toucher une audience large<\/h3>\n\n\n\n<p>La plateforme sociale rassemble pr\u00e8s de 950 millions de membres r\u00e9partis dans plus de 200 pays \u00e0 travers le monde. En France, 27 millions de personnes utilisent LinkedIn en 2023. Ce sont autant de personnes que vous pouvez potentiellement toucher avec les publications de votre entreprise. <\/p>\n\n\n\n<p>N&#8217;h\u00e9sitez pas \u00e0 booster votre contenu en utilisant la fonctionnalit\u00e9 LinkedIn Ads mise \u00e0 la disposition des entreprises. Vous pouvez cibler une audience sp\u00e9cifique en fonction de vos objectifs. <\/p>\n\n\n\n<h3 class=\"wp-block-heading\">Trouver de nouveaux clients<\/h3>\n\n\n\n<p>Si vous \u00eates une entreprise, ne passez pas \u00e0 c\u00f4t\u00e9 de l\u2019opportunit\u00e9 de trouver de nouveaux clients en utilisant LinkedIn. En mettant en avant vos services sur cette plateforme, vous donnez la possibilit\u00e9 \u00e0 de nombreuses personnes de d\u00e9couvrir votre offre et vos services. <\/p>\n\n\n\n<p>De plus, vous pouvez cr\u00e9er des relations avec vos potentielles cibles et prospects. N\u2019h\u00e9sitez pas non plus \u00e0 int\u00e9grer des groupes sp\u00e9cifiques pour en savoir plus au sujet de leurs besoins et de leurs probl\u00e9matiques. <\/p>\n\n\n\n<h2 class=\"wp-block-heading\">Qu&#8217;est-ce qui est important dans une publication LinkedIn&nbsp;?<\/h2>\n\n\n\n<figure class=\"wp-block-image size-full\"><img decoding=\"async\" width=\"700\" height=\"467\" src=\"https:\/\/www.redacteur.com\/blog\/wp-content\/uploads\/sites\/6\/2023\/10\/faire-rediger-publication-linkedin-2.webp\" alt=\"\" class=\"wp-image-38741\" srcset=\"https:\/\/www.redacteur.com\/blog\/wp-content\/uploads\/sites\/6\/2023\/10\/faire-rediger-publication-linkedin-2.webp 700w, https:\/\/www.redacteur.com\/blog\/wp-content\/uploads\/sites\/6\/2023\/10\/faire-rediger-publication-linkedin-2-300x200.webp 300w, https:\/\/www.redacteur.com\/blog\/wp-content\/uploads\/sites\/6\/2023\/10\/faire-rediger-publication-linkedin-2-60x40.webp 60w, https:\/\/www.redacteur.com\/blog\/wp-content\/uploads\/sites\/6\/2023\/10\/faire-rediger-publication-linkedin-2-370x247.webp 370w, https:\/\/www.redacteur.com\/blog\/wp-content\/uploads\/sites\/6\/2023\/10\/faire-rediger-publication-linkedin-2-270x180.webp 270w, https:\/\/www.redacteur.com\/blog\/wp-content\/uploads\/sites\/6\/2023\/10\/faire-rediger-publication-linkedin-2-570x380.webp 570w\" sizes=\"(max-width: 700px) 100vw, 700px\" \/><\/figure>\n\n\n\n<h3 class=\"wp-block-heading\">L&#8217;accroche<\/h3>\n\n\n\n<p>Pour cr\u00e9er un post LinkedIn qui g\u00e9n\u00e8re de l\u2019engagement, il est essentiel de r\u00e9diger une accroche impactante. Dans une publication LinkedIn, l\u2019accroche joue le m\u00eame r\u00f4le que le titre d\u2019un article de blog. <\/p>\n\n\n\n<p>Son objectif est de donner envie aux internautes de cliquer sur votre publication et de la lire jusqu\u2019au bout. Dans un post social, il est essentiel de trouver une accroche \u00e0 la fois impactante et captivante. Pour cela, elle doit \u00e9veiller la curiosit\u00e9 des utilisateurs sans trop en dire. <\/p>\n\n\n\n<h3 class=\"wp-block-heading\">Le visuel (image, vid\u00e9o, carrousel)<\/h3>\n\n\n\n<p>Dans la r\u00e9daction de votre publication LinkedIn, le visuel a autant d\u2019importance que le contenu r\u00e9dactionnel de votre post. Il doit conf\u00e9rer de la valeur ajout\u00e9e \u00e0 votre post et favoriser sa viralit\u00e9. Ainsi, il est essentiel de bien le choisir. <\/p>\n\n\n\n<p>Astuce&nbsp;: pour une publicit\u00e9 LinkedIn, le format conseill\u00e9 est 1200x627px. Nous vous recommandons de respecter les dimensions de ce format pour \u00e9viter que votre image soit trop pixelis\u00e9e ou qu\u2019elle mette du temps \u00e0 charger \u00e0 cause d&#8217;un poids trop important. <\/p>\n\n\n\n<h3 class=\"wp-block-heading\">Le contenu de la publication<\/h3>\n\n\n\n<p>Si vous souhaitez cr\u00e9er une publication virale, il est essentiel de partager du contenu pertinent qui peut potentiellement int\u00e9resser vos cibles. Vous l\u2019aurez compris, votre publication LinkedIn doit apporter une v\u00e9ritable valeur ajout\u00e9e. <\/p>\n\n\n\n<p>Afin de faciliter sa lecture, votre post doit \u00eatre parfaitement construit. Vous avez la possibilit\u00e9 d&#8217;a\u00e9rer votre texte en utilisant des \u00e9mojis. Pour \u00eatre cr\u00e9dible, votre post doit \u00e9galement \u00eatre r\u00e9dig\u00e9 \u00e0 partir de phrases joliment tourn\u00e9es, sans fautes d\u2019orthographe ni erreurs grammaticales.<\/p>\n\n\n\n<h3 class=\"wp-block-heading\">L&#8217;appel \u00e0 l&#8217;action<\/h3>\n\n\n\n<p>Un appel \u00e0 l\u2019action est un outil marketing pertinent pour inciter les utilisateurs de LinkedIn \u00e0 effectuer des actions. Pour vous donner un ordre d\u2019id\u00e9e, vous pouvez utiliser ce bouton pour inviter les lecteurs \u00e0 visiter votre site web, \u00e0 r\u00e9pondre \u00e0 un sondage ou bien \u00e0 s\u2019inscrire \u00e0 votre newsletter. Tout d\u00e9pend de votre objectif final. <\/p>\n\n\n\n<h3 class=\"wp-block-heading\">La r\u00e9ponse aux commentaires<\/h3>\n\n\n\n<p>Enfin, nous vous conseillons vivement de r\u00e9pondre aux commentaires des autres utilisateurs pour favoriser la viralit\u00e9 de votre post. En effet, l\u2019algorithme de LinkedIn a tendance \u00e0 mettre en avant les publications ayant un important taux d\u2019engagement. <\/p>\n\n\n\n<p>Cela signifie que plus vous aurez de commentaires, de likes et de vues, plus LinkedIn affichera votre publication sur le fil d\u2019actualit\u00e9 des utilisateurs.<\/p>\n\n\n\n<h2 class=\"wp-block-heading\">Faut-il d\u00e9l\u00e9guer la r\u00e9daction de vos publications LinkedIn&nbsp;?<\/h2>\n\n\n\n<figure class=\"wp-block-image size-full\"><img decoding=\"async\" width=\"700\" height=\"467\" src=\"https:\/\/www.redacteur.com\/blog\/wp-content\/uploads\/sites\/6\/2023\/10\/faire-rediger-publication-linkedin-3.webp\" alt=\"\" class=\"wp-image-38742\" srcset=\"https:\/\/www.redacteur.com\/blog\/wp-content\/uploads\/sites\/6\/2023\/10\/faire-rediger-publication-linkedin-3.webp 700w, https:\/\/www.redacteur.com\/blog\/wp-content\/uploads\/sites\/6\/2023\/10\/faire-rediger-publication-linkedin-3-300x200.webp 300w, https:\/\/www.redacteur.com\/blog\/wp-content\/uploads\/sites\/6\/2023\/10\/faire-rediger-publication-linkedin-3-60x40.webp 60w, https:\/\/www.redacteur.com\/blog\/wp-content\/uploads\/sites\/6\/2023\/10\/faire-rediger-publication-linkedin-3-370x247.webp 370w, https:\/\/www.redacteur.com\/blog\/wp-content\/uploads\/sites\/6\/2023\/10\/faire-rediger-publication-linkedin-3-270x180.webp 270w, https:\/\/www.redacteur.com\/blog\/wp-content\/uploads\/sites\/6\/2023\/10\/faire-rediger-publication-linkedin-3-570x380.webp 570w\" sizes=\"(max-width: 700px) 100vw, 700px\" \/><\/figure>\n\n\n\n<p>Il est tout \u00e0 fait pertinent de r\u00e9diger le contenu de vos publications LinkedIn en interne si vous ou une autre personne de votre entreprise \u00eates en mesure d\u2019effectuer la mod\u00e9ration des commentaires, de mettre en \u0153uvre une strat\u00e9gie de contenu pertinente et d\u2019apporter une plus-value \u00e0 votre audience. \u00c0 noter \u00e9galement que vous devez faire preuve d\u2019un excellent r\u00e9dactionnel en \u00e9vitant les fautes d\u2019orthographe et de grammaire.<\/p>\n\n\n\n<p>Ayez en t\u00eate que m\u00eame si vous d\u00e9cidez de d\u00e9l\u00e9guer la r\u00e9daction de vos publications \u00e0 destination de LinkedIn, vous restez le pilote de votre strat\u00e9gie. Il vous suffit tout simplement de r\u00e9diger une charte \u00e9ditoriale d\u00e9finissant le ton, les messages et les valeurs v\u00e9hicul\u00e9es par le biais de votre communication sur LinkedIn.<\/p>\n\n\n\n<h3 class=\"wp-block-heading\">Mise en place de la strat\u00e9gie de publication<\/h3>\n\n\n\n<p>En d\u00e9finissant une strat\u00e9gie de publication sur LinkedIn, c\u2019est vous qui d\u00e9cidez de ce que vous souhaitez partager et qui fixez les objectifs, m\u00eame lorsque vous avez d\u00e9cid\u00e9 de faire r\u00e9diger une publication LinkedIn. <\/p>\n\n\n\n<p>Cette strat\u00e9gie doit \u00eatre mise en \u0153uvre au sein d\u2019une charte \u00e9ditoriale ou tout autre document de travail que vous pouvez transmettre au r\u00e9dacteur web avec lequel vous collaborez.<\/p>\n\n\n\n<h3 class=\"wp-block-heading\">Faire \u00e9crire ou r\u00e9\u00e9crire sa publication<\/h3>\n\n\n\n<p>Si vous ne disposez pas de comp\u00e9tences r\u00e9dactionnelles suffisantes pour r\u00e9diger vous-m\u00eame vos publications LinkedIn, nous vous conseillons de<strong> faire r\u00e9diger une publication LinkedIn<\/strong> par un r\u00e9dacteur web en freelance. <\/p>\n\n\n\n<p>Ce professionnel de la r\u00e9daction sera en mesure de r\u00e9diger pour vous des posts pertinents, sans fautes d&#8217;orthographe et respectueux de la strat\u00e9gie de contenu que vous avez mise en place. Si vous le souhaitez, vous pouvez tr\u00e8s bien r\u00e9diger le fond de votre message et demander \u00e0 un r\u00e9dacteur de le mettre en forme dans un post LinkedIn. <\/p>\n\n\n\n<h3 class=\"wp-block-heading\">Ne pas n\u00e9gliger l&#8217;image<\/h3>\n\n\n\n<p>Dans votre publication LinkedIn, le visuel a toute son importance. De mani\u00e8re g\u00e9n\u00e9rale, les internautes sont avant tout attir\u00e9s par les images que par les \u00e9l\u00e9ments textuels. <\/p>\n\n\n\n<p>En misant sur un visuel attrayant, vous parviendrez \u00e0 attiser la curiosit\u00e9 des utilisateurs de LinkedIn.<\/p>\n\n\n\n<h2 class=\"wp-block-heading\">Comment d\u00e9l\u00e9guer la r\u00e9daction de ses publications LinkedIn&nbsp;?<\/h2>\n\n\n\n<p>LinkedIn est une plateforme sociale B2B id\u00e9ale pour faire conna\u00eetre son entreprise, d\u00e9velopper son portefeuille de clients et mettre en lumi\u00e8re son image de marque. En France, ce sont pr\u00e8s de 27 millions de personnes qui utilisent LinkedIn en 2023. Autant de cibles potentielles qui peuvent s\u2019int\u00e9resser \u00e0 vos produits ou \u00e0 vos services. <strong>Faire r\u00e9diger ses publications LinkedIn<\/strong> est une mani\u00e8re de s&#8217;assurer de la qualit\u00e9 du message v\u00e9hicul\u00e9.<\/p>\n\n\n\n<p>Tournez-vous vers une <a href=\"https:\/\/www.redacteur.com\/\">plateforme de r\u00e9daction<\/a> pour trouver un r\u00e9dacteur en freelance en mesure de r\u00e9diger pour vous vos publications LinkedIn.<\/p>\n","protected":false},"excerpt":{"rendered":"<p>En tant que r\u00e9seau social professionnel de premier plan, LinkedIn propose aux entreprises une multitude d&#8217;avantages strat\u00e9giques pour \u00e9tablir des relations, d\u00e9velopper son personal branding, renforcer la visibilit\u00e9 de son entreprise et \u00e0 \u00e9largir son portefeuille de clients. Gr\u00e2ce \u00e0 sa port\u00e9e mondiale et \u00e0 son public ax\u00e9 sur le monde professionnel, LinkedIn constitue un [&hellip;]<\/p>\n","protected":false},"author":1,"featured_media":38740,"comment_status":"closed","ping_status":"closed","sticky":false,"template":"","format":"standard","meta":{"_acf_changed":false,"inline_featured_image":false,"footnotes":""},"categories":[12],"tags":[],"class_list":["post-38739","post","type-post","status-publish","format-standard","has-post-thumbnail","hentry","category-reseaux-sociaux"],"acf":[],"yoast_head":"<!-- This site is optimized with the Yoast SEO plugin v25.9 - https:\/\/yoast.com\/wordpress\/plugins\/seo\/ -->\n<title>Faut-il faire r\u00e9diger vos publications LinkedIn en externe&nbsp;? - Redacteur Blog<\/title>\n<meta name=\"description\" content=\"En tant que r\u00e9seau social professionnel de premier plan, LinkedIn propose aux entreprises une multitude d&#039;avantages strat\u00e9giques pour \u00e9tablir des\" \/>\n<meta name=\"robots\" content=\"index, follow, max-snippet:-1, max-image-preview:large, max-video-preview:-1\" \/>\n<link rel=\"canonical\" href=\"https:\/\/www.redacteur.com\/blog\/faire-rediger-publication-linkedin\/\" \/>\n<meta property=\"og:locale\" content=\"fr_FR\" \/>\n<meta property=\"og:type\" content=\"article\" \/>\n<meta property=\"og:title\" content=\"Faut-il faire r\u00e9diger vos publications LinkedIn en externe&nbsp;? - Redacteur Blog\" \/>\n<meta property=\"og:description\" content=\"En tant que r\u00e9seau social professionnel de premier plan, LinkedIn propose aux entreprises une multitude d&#039;avantages strat\u00e9giques pour \u00e9tablir des\" \/>\n<meta property=\"og:url\" content=\"https:\/\/www.redacteur.com\/blog\/faire-rediger-publication-linkedin\/\" \/>\n<meta property=\"og:site_name\" content=\"Redacteur.com\" \/>\n<meta property=\"article:publisher\" content=\"https:\/\/www.facebook.com\/redacteurcom\" \/>\n<meta property=\"article:published_time\" content=\"2023-10-10T08:50:00+00:00\" \/>\n<meta property=\"og:image\" content=\"https:\/\/www.redacteur.com\/blog\/wp-content\/uploads\/sites\/6\/2023\/10\/faire-rediger-publication-linkedin.jpg\" \/>\n\t<meta property=\"og:image:width\" content=\"1024\" \/>\n\t<meta property=\"og:image:height\" content=\"618\" \/>\n\t<meta property=\"og:image:type\" content=\"image\/jpeg\" \/>\n<meta name=\"author\" content=\"Laura Michaud\" \/>\n<meta name=\"twitter:card\" content=\"summary_large_image\" \/>\n<meta name=\"twitter:creator\" content=\"@Redacteurcom\" \/>\n<meta name=\"twitter:site\" content=\"@Redacteurcom\" \/>\n<meta name=\"twitter:label1\" content=\"\u00c9crit par\" \/>\n\t<meta name=\"twitter:data1\" content=\"Laura Michaud\" \/>\n\t<meta name=\"twitter:label2\" content=\"Dur\u00e9e de lecture estim\u00e9e\" \/>\n\t<meta name=\"twitter:data2\" content=\"8 minutes\" \/>\n<script type=\"application\/ld+json\" class=\"yoast-schema-graph\">{\"@context\":\"https:\/\/schema.org\",\"@graph\":[{\"@type\":\"Article\",\"@id\":\"https:\/\/www.redacteur.com\/blog\/faire-rediger-publication-linkedin\/#article\",\"isPartOf\":{\"@id\":\"https:\/\/www.redacteur.com\/blog\/faire-rediger-publication-linkedin\/\"},\"author\":{\"name\":\"Laura Michaud\",\"@id\":\"https:\/\/www.redacteur.com\/blog\/#\/schema\/person\/33c0ef04707fbe50a096f282050bb5f2\"},\"headline\":\"Faut-il faire r\u00e9diger vos publications LinkedIn en externe&nbsp;?\",\"datePublished\":\"2023-10-10T08:50:00+00:00\",\"mainEntityOfPage\":{\"@id\":\"https:\/\/www.redacteur.com\/blog\/faire-rediger-publication-linkedin\/\"},\"wordCount\":1474,\"publisher\":{\"@id\":\"https:\/\/www.redacteur.com\/blog\/#organization\"},\"image\":{\"@id\":\"https:\/\/www.redacteur.com\/blog\/faire-rediger-publication-linkedin\/#primaryimage\"},\"thumbnailUrl\":\"https:\/\/www.redacteur.com\/blog\/wp-content\/uploads\/sites\/6\/2023\/10\/faire-rediger-publication-linkedin.jpg\",\"articleSection\":[\"R\u00e9seaux sociaux\"],\"inLanguage\":\"fr-FR\"},{\"@type\":\"WebPage\",\"@id\":\"https:\/\/www.redacteur.com\/blog\/faire-rediger-publication-linkedin\/\",\"url\":\"https:\/\/www.redacteur.com\/blog\/faire-rediger-publication-linkedin\/\",\"name\":\"Faut-il faire r\u00e9diger vos publications LinkedIn en externe&nbsp;? - Redacteur Blog\",\"isPartOf\":{\"@id\":\"https:\/\/www.redacteur.com\/blog\/#website\"},\"primaryImageOfPage\":{\"@id\":\"https:\/\/www.redacteur.com\/blog\/faire-rediger-publication-linkedin\/#primaryimage\"},\"image\":{\"@id\":\"https:\/\/www.redacteur.com\/blog\/faire-rediger-publication-linkedin\/#primaryimage\"},\"thumbnailUrl\":\"https:\/\/www.redacteur.com\/blog\/wp-content\/uploads\/sites\/6\/2023\/10\/faire-rediger-publication-linkedin.jpg\",\"datePublished\":\"2023-10-10T08:50:00+00:00\",\"description\":\"En tant que r\u00e9seau social professionnel de premier plan, LinkedIn propose aux entreprises une multitude d'avantages strat\u00e9giques pour \u00e9tablir des\",\"breadcrumb\":{\"@id\":\"https:\/\/www.redacteur.com\/blog\/faire-rediger-publication-linkedin\/#breadcrumb\"},\"inLanguage\":\"fr-FR\",\"potentialAction\":[{\"@type\":\"ReadAction\",\"target\":[\"https:\/\/www.redacteur.com\/blog\/faire-rediger-publication-linkedin\/\"]}]},{\"@type\":\"ImageObject\",\"inLanguage\":\"fr-FR\",\"@id\":\"https:\/\/www.redacteur.com\/blog\/faire-rediger-publication-linkedin\/#primaryimage\",\"url\":\"https:\/\/www.redacteur.com\/blog\/wp-content\/uploads\/sites\/6\/2023\/10\/faire-rediger-publication-linkedin.jpg\",\"contentUrl\":\"https:\/\/www.redacteur.com\/blog\/wp-content\/uploads\/sites\/6\/2023\/10\/faire-rediger-publication-linkedin.jpg\",\"width\":1024,\"height\":618,\"caption\":\"faire-rediger-publication-linkedin\"},{\"@type\":\"BreadcrumbList\",\"@id\":\"https:\/\/www.redacteur.com\/blog\/faire-rediger-publication-linkedin\/#breadcrumb\",\"itemListElement\":[{\"@type\":\"ListItem\",\"position\":1,\"name\":\"Blog\",\"item\":\"https:\/\/www.redacteur.com\/blog\/\"},{\"@type\":\"ListItem\",\"position\":2,\"name\":\"Content marketing\",\"item\":\"https:\/\/www.redacteur.com\/blog\/contenu-web\/\"},{\"@type\":\"ListItem\",\"position\":3,\"name\":\"R\u00e9seaux sociaux\",\"item\":\"https:\/\/www.redacteur.com\/blog\/contenu-web\/reseaux-sociaux\/\"},{\"@type\":\"ListItem\",\"position\":4,\"name\":\"Faut-il faire r\u00e9diger vos publications LinkedIn en externe&nbsp;?\"}]},{\"@type\":\"WebSite\",\"@id\":\"https:\/\/www.redacteur.com\/blog\/#website\",\"url\":\"https:\/\/www.redacteur.com\/blog\/\",\"name\":\"Redacteur.com\",\"description\":\"redacteur\",\"publisher\":{\"@id\":\"https:\/\/www.redacteur.com\/blog\/#organization\"},\"potentialAction\":[{\"@type\":\"SearchAction\",\"target\":{\"@type\":\"EntryPoint\",\"urlTemplate\":\"https:\/\/www.redacteur.com\/blog\/?s={search_term_string}\"},\"query-input\":{\"@type\":\"PropertyValueSpecification\",\"valueRequired\":true,\"valueName\":\"search_term_string\"}}],\"inLanguage\":\"fr-FR\"},{\"@type\":\"Organization\",\"@id\":\"https:\/\/www.redacteur.com\/blog\/#organization\",\"name\":\"Redacteur.com\",\"url\":\"https:\/\/www.redacteur.com\/blog\/\",\"logo\":{\"@type\":\"ImageObject\",\"inLanguage\":\"fr-FR\",\"@id\":\"https:\/\/www.redacteur.com\/blog\/#\/schema\/logo\/image\/\",\"url\":\"https:\/\/www.redacteur.com\/blog\/wp-content\/uploads\/sites\/6\/2022\/10\/logo-redacteur-blog.svg\",\"contentUrl\":\"https:\/\/www.redacteur.com\/blog\/wp-content\/uploads\/sites\/6\/2022\/10\/logo-redacteur-blog.svg\",\"width\":1,\"height\":1,\"caption\":\"Redacteur.com\"},\"image\":{\"@id\":\"https:\/\/www.redacteur.com\/blog\/#\/schema\/logo\/image\/\"},\"sameAs\":[\"https:\/\/www.facebook.com\/redacteurcom\",\"https:\/\/x.com\/Redacteurcom\",\"https:\/\/www.linkedin.com\/company\/redacteur-com\",\"https:\/\/www.youtube.com\/channel\/UCgj9ySM9xy3gdL8qBafl9Uw\/\"]},{\"@type\":\"Person\",\"@id\":\"https:\/\/www.redacteur.com\/blog\/#\/schema\/person\/33c0ef04707fbe50a096f282050bb5f2\",\"name\":\"Laura Michaud\",\"image\":{\"@type\":\"ImageObject\",\"inLanguage\":\"fr-FR\",\"@id\":\"https:\/\/www.redacteur.com\/blog\/#\/schema\/person\/image\/\",\"url\":\"https:\/\/secure.gravatar.com\/avatar\/c3328cc0c887f98cec6b2979af3311ab6333fc7cc2d4847514cfec6a56fa08a7?s=96&d=mm&r=g\",\"contentUrl\":\"https:\/\/secure.gravatar.com\/avatar\/c3328cc0c887f98cec6b2979af3311ab6333fc7cc2d4847514cfec6a56fa08a7?s=96&d=mm&r=g\",\"caption\":\"Laura Michaud\"},\"description\":\"Laura connait tous les meilleurs outils pour g\u00e9rer des projets et une entreprise. Cr\u00e9ative, c'est aussi une sp\u00e9cialiste des outils de cr\u00e9ation graphique pour faire briller une entreprise.\",\"sameAs\":[\"https:\/\/www.linkedin.com\/in\/michaudlaura\/\"],\"url\":\"https:\/\/www.redacteur.com\/blog\/author\/laura\/\"}]}<\/script>\n<!-- \/ Yoast SEO plugin. -->","yoast_head_json":{"title":"Faut-il faire r\u00e9diger vos publications LinkedIn en externe&nbsp;? - Redacteur Blog","description":"En tant que r\u00e9seau social professionnel de premier plan, LinkedIn propose aux entreprises une multitude d'avantages strat\u00e9giques pour \u00e9tablir des","robots":{"index":"index","follow":"follow","max-snippet":"max-snippet:-1","max-image-preview":"max-image-preview:large","max-video-preview":"max-video-preview:-1"},"canonical":"https:\/\/www.redacteur.com\/blog\/faire-rediger-publication-linkedin\/","og_locale":"fr_FR","og_type":"article","og_title":"Faut-il faire r\u00e9diger vos publications LinkedIn en externe&nbsp;? - Redacteur Blog","og_description":"En tant que r\u00e9seau social professionnel de premier plan, LinkedIn propose aux entreprises une multitude d'avantages strat\u00e9giques pour \u00e9tablir des","og_url":"https:\/\/www.redacteur.com\/blog\/faire-rediger-publication-linkedin\/","og_site_name":"Redacteur.com","article_publisher":"https:\/\/www.facebook.com\/redacteurcom","article_published_time":"2023-10-10T08:50:00+00:00","og_image":[{"width":1024,"height":618,"url":"https:\/\/www.redacteur.com\/blog\/wp-content\/uploads\/sites\/6\/2023\/10\/faire-rediger-publication-linkedin.jpg","type":"image\/jpeg"}],"author":"Laura Michaud","twitter_card":"summary_large_image","twitter_creator":"@Redacteurcom","twitter_site":"@Redacteurcom","twitter_misc":{"\u00c9crit par":"Laura Michaud","Dur\u00e9e de lecture estim\u00e9e":"8 minutes"},"schema":{"@context":"https:\/\/schema.org","@graph":[{"@type":"Article","@id":"https:\/\/www.redacteur.com\/blog\/faire-rediger-publication-linkedin\/#article","isPartOf":{"@id":"https:\/\/www.redacteur.com\/blog\/faire-rediger-publication-linkedin\/"},"author":{"name":"Laura Michaud","@id":"https:\/\/www.redacteur.com\/blog\/#\/schema\/person\/33c0ef04707fbe50a096f282050bb5f2"},"headline":"Faut-il faire r\u00e9diger vos publications LinkedIn en externe&nbsp;?","datePublished":"2023-10-10T08:50:00+00:00","mainEntityOfPage":{"@id":"https:\/\/www.redacteur.com\/blog\/faire-rediger-publication-linkedin\/"},"wordCount":1474,"publisher":{"@id":"https:\/\/www.redacteur.com\/blog\/#organization"},"image":{"@id":"https:\/\/www.redacteur.com\/blog\/faire-rediger-publication-linkedin\/#primaryimage"},"thumbnailUrl":"https:\/\/www.redacteur.com\/blog\/wp-content\/uploads\/sites\/6\/2023\/10\/faire-rediger-publication-linkedin.jpg","articleSection":["R\u00e9seaux sociaux"],"inLanguage":"fr-FR"},{"@type":"WebPage","@id":"https:\/\/www.redacteur.com\/blog\/faire-rediger-publication-linkedin\/","url":"https:\/\/www.redacteur.com\/blog\/faire-rediger-publication-linkedin\/","name":"Faut-il faire r\u00e9diger vos publications LinkedIn en externe&nbsp;? - Redacteur Blog","isPartOf":{"@id":"https:\/\/www.redacteur.com\/blog\/#website"},"primaryImageOfPage":{"@id":"https:\/\/www.redacteur.com\/blog\/faire-rediger-publication-linkedin\/#primaryimage"},"image":{"@id":"https:\/\/www.redacteur.com\/blog\/faire-rediger-publication-linkedin\/#primaryimage"},"thumbnailUrl":"https:\/\/www.redacteur.com\/blog\/wp-content\/uploads\/sites\/6\/2023\/10\/faire-rediger-publication-linkedin.jpg","datePublished":"2023-10-10T08:50:00+00:00","description":"En tant que r\u00e9seau social professionnel de premier plan, LinkedIn propose aux entreprises une multitude d'avantages strat\u00e9giques pour \u00e9tablir des","breadcrumb":{"@id":"https:\/\/www.redacteur.com\/blog\/faire-rediger-publication-linkedin\/#breadcrumb"},"inLanguage":"fr-FR","potentialAction":[{"@type":"ReadAction","target":["https:\/\/www.redacteur.com\/blog\/faire-rediger-publication-linkedin\/"]}]},{"@type":"ImageObject","inLanguage":"fr-FR","@id":"https:\/\/www.redacteur.com\/blog\/faire-rediger-publication-linkedin\/#primaryimage","url":"https:\/\/www.redacteur.com\/blog\/wp-content\/uploads\/sites\/6\/2023\/10\/faire-rediger-publication-linkedin.jpg","contentUrl":"https:\/\/www.redacteur.com\/blog\/wp-content\/uploads\/sites\/6\/2023\/10\/faire-rediger-publication-linkedin.jpg","width":1024,"height":618,"caption":"faire-rediger-publication-linkedin"},{"@type":"BreadcrumbList","@id":"https:\/\/www.redacteur.com\/blog\/faire-rediger-publication-linkedin\/#breadcrumb","itemListElement":[{"@type":"ListItem","position":1,"name":"Blog","item":"https:\/\/www.redacteur.com\/blog\/"},{"@type":"ListItem","position":2,"name":"Content marketing","item":"https:\/\/www.redacteur.com\/blog\/contenu-web\/"},{"@type":"ListItem","position":3,"name":"R\u00e9seaux sociaux","item":"https:\/\/www.redacteur.com\/blog\/contenu-web\/reseaux-sociaux\/"},{"@type":"ListItem","position":4,"name":"Faut-il faire r\u00e9diger vos publications LinkedIn en externe&nbsp;?"}]},{"@type":"WebSite","@id":"https:\/\/www.redacteur.com\/blog\/#website","url":"https:\/\/www.redacteur.com\/blog\/","name":"Redacteur.com","description":"redacteur","publisher":{"@id":"https:\/\/www.redacteur.com\/blog\/#organization"},"potentialAction":[{"@type":"SearchAction","target":{"@type":"EntryPoint","urlTemplate":"https:\/\/www.redacteur.com\/blog\/?s={search_term_string}"},"query-input":{"@type":"PropertyValueSpecification","valueRequired":true,"valueName":"search_term_string"}}],"inLanguage":"fr-FR"},{"@type":"Organization","@id":"https:\/\/www.redacteur.com\/blog\/#organization","name":"Redacteur.com","url":"https:\/\/www.redacteur.com\/blog\/","logo":{"@type":"ImageObject","inLanguage":"fr-FR","@id":"https:\/\/www.redacteur.com\/blog\/#\/schema\/logo\/image\/","url":"https:\/\/www.redacteur.com\/blog\/wp-content\/uploads\/sites\/6\/2022\/10\/logo-redacteur-blog.svg","contentUrl":"https:\/\/www.redacteur.com\/blog\/wp-content\/uploads\/sites\/6\/2022\/10\/logo-redacteur-blog.svg","width":1,"height":1,"caption":"Redacteur.com"},"image":{"@id":"https:\/\/www.redacteur.com\/blog\/#\/schema\/logo\/image\/"},"sameAs":["https:\/\/www.facebook.com\/redacteurcom","https:\/\/x.com\/Redacteurcom","https:\/\/www.linkedin.com\/company\/redacteur-com","https:\/\/www.youtube.com\/channel\/UCgj9ySM9xy3gdL8qBafl9Uw\/"]},{"@type":"Person","@id":"https:\/\/www.redacteur.com\/blog\/#\/schema\/person\/33c0ef04707fbe50a096f282050bb5f2","name":"Laura Michaud","image":{"@type":"ImageObject","inLanguage":"fr-FR","@id":"https:\/\/www.redacteur.com\/blog\/#\/schema\/person\/image\/","url":"https:\/\/secure.gravatar.com\/avatar\/c3328cc0c887f98cec6b2979af3311ab6333fc7cc2d4847514cfec6a56fa08a7?s=96&d=mm&r=g","contentUrl":"https:\/\/secure.gravatar.com\/avatar\/c3328cc0c887f98cec6b2979af3311ab6333fc7cc2d4847514cfec6a56fa08a7?s=96&d=mm&r=g","caption":"Laura Michaud"},"description":"Laura connait tous les meilleurs outils pour g\u00e9rer des projets et une entreprise. Cr\u00e9ative, c'est aussi une sp\u00e9cialiste des outils de cr\u00e9ation graphique pour faire briller une entreprise.","sameAs":["https:\/\/www.linkedin.com\/in\/michaudlaura\/"],"url":"https:\/\/www.redacteur.com\/blog\/author\/laura\/"}]}},"_links":{"self":[{"href":"https:\/\/www.redacteur.com\/blog\/wp-json\/wp\/v2\/posts\/38739","targetHints":{"allow":["GET"]}}],"collection":[{"href":"https:\/\/www.redacteur.com\/blog\/wp-json\/wp\/v2\/posts"}],"about":[{"href":"https:\/\/www.redacteur.com\/blog\/wp-json\/wp\/v2\/types\/post"}],"author":[{"embeddable":true,"href":"https:\/\/www.redacteur.com\/blog\/wp-json\/wp\/v2\/users\/1"}],"replies":[{"embeddable":true,"href":"https:\/\/www.redacteur.com\/blog\/wp-json\/wp\/v2\/comments?post=38739"}],"version-history":[{"count":0,"href":"https:\/\/www.redacteur.com\/blog\/wp-json\/wp\/v2\/posts\/38739\/revisions"}],"wp:featuredmedia":[{"embeddable":true,"href":"https:\/\/www.redacteur.com\/blog\/wp-json\/wp\/v2\/media\/38740"}],"wp:attachment":[{"href":"https:\/\/www.redacteur.com\/blog\/wp-json\/wp\/v2\/media?parent=38739"}],"wp:term":[{"taxonomy":"category","embeddable":true,"href":"https:\/\/www.redacteur.com\/blog\/wp-json\/wp\/v2\/categories?post=38739"},{"taxonomy":"post_tag","embeddable":true,"href":"https:\/\/www.redacteur.com\/blog\/wp-json\/wp\/v2\/tags?post=38739"}],"curies":[{"name":"wp","href":"https:\/\/api.w.org\/{rel}","templated":true}]}}