{"id":40290,"date":"2024-05-28T15:33:56","date_gmt":"2024-05-28T13:33:56","guid":{"rendered":"https:\/\/www.redacteur.com\/blog\/?p=40290"},"modified":"2024-11-19T11:48:21","modified_gmt":"2024-11-19T10:48:21","slug":"formations-redaction-web","status":"publish","type":"post","link":"https:\/\/www.redacteur.com\/blog\/formations-redaction-web\/","title":{"rendered":"Les 10 meilleures formations de r\u00e9daction web"},"content":{"rendered":"\n<p>Vous aspirez \u00e0 exceller en <a href=\"https:\/\/www.redacteur.com\/\">r\u00e9daction web<\/a>, que ce soit en freelance ou au sein d&#8217;un service marketing&nbsp;? Ou peut-\u00eatre souhaitez-vous simplement aiguiser vos comp\u00e9tences r\u00e9dactionnelles et tester vos acquis&nbsp;?<\/p>\n\n\n\n<p>D\u00e9couvrez notre s\u00e9lection des 10 meilleures formations de r\u00e9daction web, en ligne ou en pr\u00e9sentiel, pour vous faire passer au niveau sup\u00e9rieur. Ces cours sont con\u00e7us pour r\u00e9pondre \u00e0 toutes les exigences&nbsp;: des techniques de copywriting aux astuces SEO, chaque cursus vous conduit \u00e0 une meilleure appr\u00e9hension du m\u00e9tier de r\u00e9dacteur \/ r\u00e9dactrice web.<\/p>\n\n\n\n<h2 class=\"wp-block-heading\">1.&nbsp;&nbsp;&nbsp; Le blog Redacteur.com<\/h2>\n\n\n\n<figure class=\"wp-block-image size-large\"><img decoding=\"async\" width=\"1024\" height=\"486\" src=\"https:\/\/www.redacteur.com\/blog\/wp-content\/uploads\/sites\/6\/2024\/05\/formation-redaction-web-redacteur-1024x486.png\" alt=\"\" class=\"wp-image-40291\" srcset=\"https:\/\/www.redacteur.com\/blog\/wp-content\/uploads\/sites\/6\/2024\/05\/formation-redaction-web-redacteur-1024x486.png 1024w, https:\/\/www.redacteur.com\/blog\/wp-content\/uploads\/sites\/6\/2024\/05\/formation-redaction-web-redacteur-300x142.png 300w, https:\/\/www.redacteur.com\/blog\/wp-content\/uploads\/sites\/6\/2024\/05\/formation-redaction-web-redacteur-768x364.png 768w, https:\/\/www.redacteur.com\/blog\/wp-content\/uploads\/sites\/6\/2024\/05\/formation-redaction-web-redacteur-1536x729.png 1536w, https:\/\/www.redacteur.com\/blog\/wp-content\/uploads\/sites\/6\/2024\/05\/formation-redaction-web-redacteur-60x28.png 60w, https:\/\/www.redacteur.com\/blog\/wp-content\/uploads\/sites\/6\/2024\/05\/formation-redaction-web-redacteur-370x176.png 370w, https:\/\/www.redacteur.com\/blog\/wp-content\/uploads\/sites\/6\/2024\/05\/formation-redaction-web-redacteur-270x128.png 270w, https:\/\/www.redacteur.com\/blog\/wp-content\/uploads\/sites\/6\/2024\/05\/formation-redaction-web-redacteur-570x270.png 570w, https:\/\/www.redacteur.com\/blog\/wp-content\/uploads\/sites\/6\/2024\/05\/formation-redaction-web-redacteur-740x351.png 740w, https:\/\/www.redacteur.com\/blog\/wp-content\/uploads\/sites\/6\/2024\/05\/formation-redaction-web-redacteur.png 1920w\" sizes=\"(max-width: 1024px) 100vw, 1024px\" \/><\/figure>\n\n\n\n<p>Aspirants r\u00e9dacteurs, aff\u00fbtez vos comp\u00e9tences avec des articles bien structur\u00e9s, pour d\u00e9couvrir <a href=\"https:\/\/www.redacteur.com\/blog\/apprendre-redaction-web-bien-rediger\/\" target=\"_blank\" rel=\"noreferrer noopener\">les bases de la r\u00e9daction web<\/a>, les <a href=\"https:\/\/www.redacteur.com\/blog\/techniques-copywriting\/\" target=\"_blank\" rel=\"noreferrer noopener\">techniques de copywriting<\/a> et des conseils pratiques pour r\u00e9diger des <a href=\"https:\/\/www.redacteur.com\/blog\/redaction-web-5-conseils-rediger-introduction-percutante\/\" target=\"_blank\" rel=\"noreferrer noopener\">introductions captivantes<\/a> et <a href=\"https:\/\/www.redacteur.com\/blog\/redaction-web-5-astuces-conclusion-reussie\/\" target=\"_blank\" rel=\"noreferrer noopener\">des conclusions efficaces<\/a>.<\/p>\n\n\n\n<p>Chaque contenu est con\u00e7u pour \u00eatre directement applicable, vous permettant de transformer th\u00e9orie et conseils en textes attrayants et professionnels.<\/p>\n\n\n\n<p>Pensez aussi \u00e0 vous abonner \u00e0 la newsletter pour recevoir nos derniers articles directement dans votre messagerie et rester inform\u00e9 des bonnes pratiques, tendances et strat\u00e9gies performantes en content marketing&nbsp;!<\/p>\n\n\n\n<h2 class=\"wp-block-heading\">2.&nbsp;&nbsp;&nbsp; La formation \u00ab&nbsp;R\u00e9dacteur \/ R\u00e9dactrice web&nbsp;\u00bb du Greta CMDA<\/h2>\n\n\n\n<figure class=\"wp-block-image size-large\"><img decoding=\"async\" width=\"1024\" height=\"379\" src=\"https:\/\/www.redacteur.com\/blog\/wp-content\/uploads\/sites\/6\/2024\/05\/formation-redaction-web-greta-1024x379.png\" alt=\"\" class=\"wp-image-40292\" srcset=\"https:\/\/www.redacteur.com\/blog\/wp-content\/uploads\/sites\/6\/2024\/05\/formation-redaction-web-greta-1024x379.png 1024w, https:\/\/www.redacteur.com\/blog\/wp-content\/uploads\/sites\/6\/2024\/05\/formation-redaction-web-greta-300x111.png 300w, https:\/\/www.redacteur.com\/blog\/wp-content\/uploads\/sites\/6\/2024\/05\/formation-redaction-web-greta-768x285.png 768w, https:\/\/www.redacteur.com\/blog\/wp-content\/uploads\/sites\/6\/2024\/05\/formation-redaction-web-greta-1536x569.png 1536w, https:\/\/www.redacteur.com\/blog\/wp-content\/uploads\/sites\/6\/2024\/05\/formation-redaction-web-greta-60x22.png 60w, https:\/\/www.redacteur.com\/blog\/wp-content\/uploads\/sites\/6\/2024\/05\/formation-redaction-web-greta-370x137.png 370w, https:\/\/www.redacteur.com\/blog\/wp-content\/uploads\/sites\/6\/2024\/05\/formation-redaction-web-greta-270x100.png 270w, https:\/\/www.redacteur.com\/blog\/wp-content\/uploads\/sites\/6\/2024\/05\/formation-redaction-web-greta-570x211.png 570w, https:\/\/www.redacteur.com\/blog\/wp-content\/uploads\/sites\/6\/2024\/05\/formation-redaction-web-greta-740x274.png 740w, https:\/\/www.redacteur.com\/blog\/wp-content\/uploads\/sites\/6\/2024\/05\/formation-redaction-web-greta.png 1876w\" sizes=\"(max-width: 1024px) 100vw, 1024px\" \/><\/figure>\n\n\n\n<p>Propos\u00e9e par le GRETA Cr\u00e9ation, Design et M\u00e9tiers d&#8217;Art, une entit\u00e9 de l&#8217;\u00c9ducation nationale, <a href=\"https:\/\/cdma.greta.fr\/fiches\/greta-cdma-redacteur-web-0000134562\/\" target=\"_blank\" rel=\"noreferrer noopener\">la formation \u00e0 distance R\u00e9dacteur \/ R\u00e9dactrice web<\/a> s&#8217;adresse aux adultes souhaitant ma\u00eetriser les techniques r\u00e9dactionnelles. De l&#8217;\u00e9criture journalistique \u00e0 la sc\u00e9narisation pour le web, vous apprendrez \u00e0 identifier les sp\u00e9cificit\u00e9s de la r\u00e9daction en ligne, \u00e0 optimiser vos textes pour le SEO et \u00e0 publier efficacement sur diverses plateformes num\u00e9riques.<\/p>\n\n\n\n<p>Pr\u00e9requis&nbsp;: une excellente ma\u00eetrise de la langue, une bonne culture g\u00e9n\u00e9rale et une familiarit\u00e9 avec l&#8217;environnement web.<\/p>\n\n\n\n<p>Un cursus complet et interactif \u00e0 3 330\u20ac, \u00e9ligible au CPF.<\/p>\n\n\n\n<h2 class=\"wp-block-heading\">3.&nbsp;&nbsp;&nbsp; La \u00ab&nbsp;M\u00e9thodologie en r\u00e9daction web&nbsp;\u00bb de Revisium<\/h2>\n\n\n\n<figure class=\"wp-block-image size-large\"><img decoding=\"async\" width=\"1024\" height=\"761\" src=\"https:\/\/www.redacteur.com\/blog\/wp-content\/uploads\/sites\/6\/2024\/05\/formation-redaction-web-revisium-1024x761.png\" alt=\"\" class=\"wp-image-40293\" srcset=\"https:\/\/www.redacteur.com\/blog\/wp-content\/uploads\/sites\/6\/2024\/05\/formation-redaction-web-revisium-1024x761.png 1024w, https:\/\/www.redacteur.com\/blog\/wp-content\/uploads\/sites\/6\/2024\/05\/formation-redaction-web-revisium-300x223.png 300w, https:\/\/www.redacteur.com\/blog\/wp-content\/uploads\/sites\/6\/2024\/05\/formation-redaction-web-revisium-768x570.png 768w, https:\/\/www.redacteur.com\/blog\/wp-content\/uploads\/sites\/6\/2024\/05\/formation-redaction-web-revisium-1536x1141.png 1536w, https:\/\/www.redacteur.com\/blog\/wp-content\/uploads\/sites\/6\/2024\/05\/formation-redaction-web-revisium-60x45.png 60w, https:\/\/www.redacteur.com\/blog\/wp-content\/uploads\/sites\/6\/2024\/05\/formation-redaction-web-revisium-370x275.png 370w, https:\/\/www.redacteur.com\/blog\/wp-content\/uploads\/sites\/6\/2024\/05\/formation-redaction-web-revisium-270x201.png 270w, https:\/\/www.redacteur.com\/blog\/wp-content\/uploads\/sites\/6\/2024\/05\/formation-redaction-web-revisium-570x423.png 570w, https:\/\/www.redacteur.com\/blog\/wp-content\/uploads\/sites\/6\/2024\/05\/formation-redaction-web-revisium-740x550.png 740w, https:\/\/www.redacteur.com\/blog\/wp-content\/uploads\/sites\/6\/2024\/05\/formation-redaction-web-revisium-80x60.png 80w, https:\/\/www.redacteur.com\/blog\/wp-content\/uploads\/sites\/6\/2024\/05\/formation-redaction-web-revisium.png 1920w\" sizes=\"(max-width: 1024px) 100vw, 1024px\" \/><\/figure>\n\n\n\n<p>La <a href=\"https:\/\/revisium.fr\/formation\/rw001-methodologie-redaction-web\/\" target=\"_blank\" rel=\"noreferrer noopener\">&#8220;M\u00e9thodologie en r\u00e9daction web&#8221; de Revisium<\/a> est dirig\u00e9e par Audrey Schoettel, experte de la r\u00e9daction en ligne avec plus de 12 ans d&#8217;exp\u00e9rience et responsable d&#8217;une agence web depuis 8 ans. Cette formation de 45 heures et 46 minutes, d\u00e9coup\u00e9e en 19 sections, vous \u00e9quipe pour \u00e9crire rapidement et efficacement, tout en ma\u00eetrisant le SEO et les attentes clients.<\/p>\n\n\n\n<p>De la lecture sur \u00e9cran aux m\u00e9thodes SEO avanc\u00e9es, chaque module est con\u00e7u pour affiner votre talent r\u00e9dactionnel \u00e0 travers des sessions th\u00e9oriques et pratiques.<\/p>\n\n\n\n<p>Pr\u00e9requis&nbsp;: ma\u00eetrise des outils bureautiques, exp\u00e9rience en communication, navigation web et une bonne culture g\u00e9n\u00e9rale.<\/p>\n\n\n\n<p>Tarif&nbsp;: 1 575\u20ac, \u00e9ligible OPCO et financements publics.<\/p>\n\n\n\n<h2 class=\"wp-block-heading\">4.&nbsp;&nbsp;&nbsp; Redac\u2019Academy, une formation en r\u00e9daction web d\u2019une journ\u00e9e<\/h2>\n\n\n\n<figure class=\"wp-block-image size-large\"><img decoding=\"async\" width=\"1024\" height=\"413\" src=\"https:\/\/www.redacteur.com\/blog\/wp-content\/uploads\/sites\/6\/2024\/05\/formation-redaction-web-redacAcademy-1024x413.png\" alt=\"\" class=\"wp-image-40294\" srcset=\"https:\/\/www.redacteur.com\/blog\/wp-content\/uploads\/sites\/6\/2024\/05\/formation-redaction-web-redacAcademy-1024x413.png 1024w, https:\/\/www.redacteur.com\/blog\/wp-content\/uploads\/sites\/6\/2024\/05\/formation-redaction-web-redacAcademy-300x121.png 300w, https:\/\/www.redacteur.com\/blog\/wp-content\/uploads\/sites\/6\/2024\/05\/formation-redaction-web-redacAcademy-768x310.png 768w, https:\/\/www.redacteur.com\/blog\/wp-content\/uploads\/sites\/6\/2024\/05\/formation-redaction-web-redacAcademy-1536x620.png 1536w, https:\/\/www.redacteur.com\/blog\/wp-content\/uploads\/sites\/6\/2024\/05\/formation-redaction-web-redacAcademy-60x24.png 60w, https:\/\/www.redacteur.com\/blog\/wp-content\/uploads\/sites\/6\/2024\/05\/formation-redaction-web-redacAcademy-370x149.png 370w, https:\/\/www.redacteur.com\/blog\/wp-content\/uploads\/sites\/6\/2024\/05\/formation-redaction-web-redacAcademy-270x109.png 270w, https:\/\/www.redacteur.com\/blog\/wp-content\/uploads\/sites\/6\/2024\/05\/formation-redaction-web-redacAcademy-570x230.png 570w, https:\/\/www.redacteur.com\/blog\/wp-content\/uploads\/sites\/6\/2024\/05\/formation-redaction-web-redacAcademy-740x299.png 740w, https:\/\/www.redacteur.com\/blog\/wp-content\/uploads\/sites\/6\/2024\/05\/formation-redaction-web-redacAcademy.png 1866w\" sizes=\"(max-width: 1024px) 100vw, 1024px\" \/><\/figure>\n\n\n\n<p>Formation intensive d&#8217;une journ\u00e9e, la <a href=\"https:\/\/campus.redac-academy.fr\/\" target=\"_blank\" rel=\"noreferrer noopener\">R\u00e9dac Academy<\/a> promet de transformer votre approche de la r\u00e9daction web&nbsp;! En petit comit\u00e9, progressez sur des cas concrets pour imm\u00e9diatement appliquer ce que vous apprenez. Que vous soyez un r\u00e9dacteur cherchant \u00e0 affiner vos comp\u00e9tences SEO, un professionnel du web d\u00e9sirant exploiter le potentiel de votre site ou une entreprise qui veut am\u00e9liorer votre contenu interne, cette formation est taill\u00e9e pour vous.<\/p>\n\n\n\n<p>\u00c0 l&#8217;issue de cette session, vous repartirez avec des outils et techniques pour am\u00e9liorer votre positionnement dans les moteurs de recherche, gr\u00e2ce \u00e0 vos contenus web.<\/p>\n\n\n\n<p>Prix&nbsp;: 900\u20ac HT.<\/p>\n\n\n\n<h2 class=\"wp-block-heading\">5.&nbsp;&nbsp;&nbsp; La formation \u00ab&nbsp;Devenez r\u00e9dacteur web&nbsp;\u00bb de Digitalbootcamp<\/h2>\n\n\n\n<figure class=\"wp-block-image size-large\"><img decoding=\"async\" width=\"1024\" height=\"418\" src=\"https:\/\/www.redacteur.com\/blog\/wp-content\/uploads\/sites\/6\/2024\/05\/formation-redaction-web-digitalbootcamp-1024x418.png\" alt=\"\" class=\"wp-image-40295\" srcset=\"https:\/\/www.redacteur.com\/blog\/wp-content\/uploads\/sites\/6\/2024\/05\/formation-redaction-web-digitalbootcamp-1024x418.png 1024w, https:\/\/www.redacteur.com\/blog\/wp-content\/uploads\/sites\/6\/2024\/05\/formation-redaction-web-digitalbootcamp-300x123.png 300w, https:\/\/www.redacteur.com\/blog\/wp-content\/uploads\/sites\/6\/2024\/05\/formation-redaction-web-digitalbootcamp-768x314.png 768w, https:\/\/www.redacteur.com\/blog\/wp-content\/uploads\/sites\/6\/2024\/05\/formation-redaction-web-digitalbootcamp-1536x628.png 1536w, https:\/\/www.redacteur.com\/blog\/wp-content\/uploads\/sites\/6\/2024\/05\/formation-redaction-web-digitalbootcamp-60x25.png 60w, https:\/\/www.redacteur.com\/blog\/wp-content\/uploads\/sites\/6\/2024\/05\/formation-redaction-web-digitalbootcamp-370x151.png 370w, https:\/\/www.redacteur.com\/blog\/wp-content\/uploads\/sites\/6\/2024\/05\/formation-redaction-web-digitalbootcamp-270x110.png 270w, https:\/\/www.redacteur.com\/blog\/wp-content\/uploads\/sites\/6\/2024\/05\/formation-redaction-web-digitalbootcamp-570x233.png 570w, https:\/\/www.redacteur.com\/blog\/wp-content\/uploads\/sites\/6\/2024\/05\/formation-redaction-web-digitalbootcamp-740x302.png 740w, https:\/\/www.redacteur.com\/blog\/wp-content\/uploads\/sites\/6\/2024\/05\/formation-redaction-web-digitalbootcamp.png 1615w\" sizes=\"(max-width: 1024px) 100vw, 1024px\" \/><\/figure>\n\n\n\n<p>La <a href=\"https:\/\/digitalbootcamp.startup-bootcamp.fr\/devenez-redacteur-web\" target=\"_blank\" rel=\"noreferrer noopener\">formation propos\u00e9e par Digitalbootcamp<\/a>, dirig\u00e9e par S\u00e9bastien Gest, expert en r\u00e9daction web et fondateur d&#8217;une agence marketing, s\u2019adresse \u00e0 celles et ceux qui aspirent \u00e0 devenir webr\u00e9dacteurs. En seulement 6 heures, vous serez immerg\u00e9 dans un programme structur\u00e9 autour de trois piliers essentiels&nbsp;: comp\u00e9tences r\u00e9dactionnelles, r\u00e9f\u00e9rencement et business.<\/p>\n\n\n\n<p>Vous apprendrez \u00e0 distinguer les types de contenu, \u00e0 adopter l&#8217;Inbound Marketing, \u00e0 copier les strat\u00e9gies efficaces et \u00e0 produire du contenu multim\u00e9dia rapidement. Sur le plan SEO, vous d\u00e9couvrirez comment choisir les mots-cl\u00e9s, analyser la concurrence et optimiser le r\u00e9f\u00e9rencement de votre site.<\/p>\n\n\n\n<p>Enfin, un module d\u00e9di\u00e9 au d\u00e9veloppement commercial vous enseignera comment trouver vos premi\u00e8res missions et vendre vos comp\u00e9tences. \u00c0 la fin de cette formation, vous aurez toutes les cl\u00e9s pour d\u00e9marrer votre carri\u00e8re de freelance en r\u00e9daction web&nbsp;!<\/p>\n\n\n\n<p>Prix&nbsp;: 107.50\u20ac, avec possibilit\u00e9 de payer en 3 fois.<\/p>\n\n\n\n<h2 class=\"wp-block-heading\">6.&nbsp;&nbsp;&nbsp; La formation en Copywriting de LiveMentor<\/h2>\n\n\n\n<figure class=\"wp-block-image size-large\"><img decoding=\"async\" width=\"1024\" height=\"486\" src=\"https:\/\/www.redacteur.com\/blog\/wp-content\/uploads\/sites\/6\/2024\/05\/formation-redaction-web-livementor-1024x486.png\" alt=\"\" class=\"wp-image-40296\" srcset=\"https:\/\/www.redacteur.com\/blog\/wp-content\/uploads\/sites\/6\/2024\/05\/formation-redaction-web-livementor-1024x486.png 1024w, https:\/\/www.redacteur.com\/blog\/wp-content\/uploads\/sites\/6\/2024\/05\/formation-redaction-web-livementor-300x142.png 300w, https:\/\/www.redacteur.com\/blog\/wp-content\/uploads\/sites\/6\/2024\/05\/formation-redaction-web-livementor-768x364.png 768w, https:\/\/www.redacteur.com\/blog\/wp-content\/uploads\/sites\/6\/2024\/05\/formation-redaction-web-livementor-1536x729.png 1536w, https:\/\/www.redacteur.com\/blog\/wp-content\/uploads\/sites\/6\/2024\/05\/formation-redaction-web-livementor-60x28.png 60w, https:\/\/www.redacteur.com\/blog\/wp-content\/uploads\/sites\/6\/2024\/05\/formation-redaction-web-livementor-370x176.png 370w, https:\/\/www.redacteur.com\/blog\/wp-content\/uploads\/sites\/6\/2024\/05\/formation-redaction-web-livementor-270x128.png 270w, https:\/\/www.redacteur.com\/blog\/wp-content\/uploads\/sites\/6\/2024\/05\/formation-redaction-web-livementor-570x270.png 570w, https:\/\/www.redacteur.com\/blog\/wp-content\/uploads\/sites\/6\/2024\/05\/formation-redaction-web-livementor-740x351.png 740w, https:\/\/www.redacteur.com\/blog\/wp-content\/uploads\/sites\/6\/2024\/05\/formation-redaction-web-livementor.png 1920w\" sizes=\"(max-width: 1024px) 100vw, 1024px\" \/><\/figure>\n\n\n\n<p>La <a href=\"https:\/\/www.livementor.com\/formation-redacteur-web\/\" target=\"_blank\" rel=\"noreferrer noopener\">formation en Copywriting de LiveMentor<\/a>, compos\u00e9e de 86 cours vid\u00e9os et enrichie par 3 mois d&#8217;accompagnement personnalis\u00e9, transforme votre mani\u00e8re de r\u00e9diger pour le web.<\/p>\n\n\n\n<p>Au fil de 11 modules, vous d\u00e9couvrirez comment \u00e9crire pour des sites e-commerce, r\u00e9diger des newsletters captivantes et optimiser des pages de vente gr\u00e2ce \u00e0 des techniques \u00e9prouv\u00e9es de copywriting. Cette formation est id\u00e9ale pour les freelances, les entrepreneurs ind\u00e9pendants, et toute personne d\u00e9sireuse d&#8217;am\u00e9liorer sa communication digitale.<\/p>\n\n\n\n<p>Les pr\u00e9requis incluent un niveau minimal d&#8217;\u00e9ducation et des comp\u00e9tences basiques en navigation web. De toute fa\u00e7on, un entretien pr\u00e9alable est organis\u00e9 pour valider votre motivation. \u00c0 l&#8217;issue, attendez-vous \u00e0 ma\u00eetriser l&#8217;art de raconter des histoires qui vendent&nbsp;!<\/p>\n\n\n\n<p>Les tarifs sont disponibles sur demande via le site. Sachez cependant que la formation est finan\u00e7able par les organismes d\u2019\u00e9tat (CPF, France Travail\u2026).<\/p>\n\n\n\n<h2 class=\"wp-block-heading\">7.&nbsp;&nbsp;&nbsp; La formation SEO et r\u00e9daction web de l&#8217;Academy Visiplus<\/h2>\n\n\n\n<figure class=\"wp-block-image size-large\"><img decoding=\"async\" width=\"1024\" height=\"402\" src=\"https:\/\/www.redacteur.com\/blog\/wp-content\/uploads\/sites\/6\/2024\/05\/formation-redaction-web-visiplus-1024x402.png\" alt=\"\" class=\"wp-image-40297\" srcset=\"https:\/\/www.redacteur.com\/blog\/wp-content\/uploads\/sites\/6\/2024\/05\/formation-redaction-web-visiplus-1024x402.png 1024w, https:\/\/www.redacteur.com\/blog\/wp-content\/uploads\/sites\/6\/2024\/05\/formation-redaction-web-visiplus-300x118.png 300w, https:\/\/www.redacteur.com\/blog\/wp-content\/uploads\/sites\/6\/2024\/05\/formation-redaction-web-visiplus-768x302.png 768w, https:\/\/www.redacteur.com\/blog\/wp-content\/uploads\/sites\/6\/2024\/05\/formation-redaction-web-visiplus-1536x604.png 1536w, https:\/\/www.redacteur.com\/blog\/wp-content\/uploads\/sites\/6\/2024\/05\/formation-redaction-web-visiplus-60x24.png 60w, https:\/\/www.redacteur.com\/blog\/wp-content\/uploads\/sites\/6\/2024\/05\/formation-redaction-web-visiplus-370x145.png 370w, https:\/\/www.redacteur.com\/blog\/wp-content\/uploads\/sites\/6\/2024\/05\/formation-redaction-web-visiplus-270x106.png 270w, https:\/\/www.redacteur.com\/blog\/wp-content\/uploads\/sites\/6\/2024\/05\/formation-redaction-web-visiplus-570x224.png 570w, https:\/\/www.redacteur.com\/blog\/wp-content\/uploads\/sites\/6\/2024\/05\/formation-redaction-web-visiplus-740x291.png 740w, https:\/\/www.redacteur.com\/blog\/wp-content\/uploads\/sites\/6\/2024\/05\/formation-redaction-web-visiplus.png 1781w\" sizes=\"(max-width: 1024px) 100vw, 1024px\" \/><\/figure>\n\n\n\n<p>Vous souhaitez ma\u00eetriser les techniques de r\u00e9daction adapt\u00e9es aux moteurs de recherche et devenir un expert du contenu &#8220;SEO friendly&#8221;&nbsp;? La formation <a href=\"https:\/\/academy.visiplus.com\/cursus-seo-redaction-web\" target=\"_blank\" rel=\"noreferrer noopener\">SEO et r\u00e9daction web de l&#8217;Academy Visiplus<\/a>, reconnu par un titre certifi\u00e9 de niveau 6, vous apprend \u00e0 optimiser la visibilit\u00e9 des sites internet sur Google, ainsi qu&#8217;\u00e0 utiliser efficacement les r\u00e9seaux sociaux pour promouvoir du contenu web.<\/p>\n\n\n\n<p>Destin\u00e9e aux professionnels du marketing et de la communication, ce cursus couvre des sujets essentiels tels que le marketing digital, le r\u00e9f\u00e9rencement naturel avanc\u00e9 et l&#8217;\u00e9criture pour les r\u00e9seaux sociaux. <\/p>\n\n\n\n<p>Pr\u00e9requis: Baccalaur\u00e9at ou exp\u00e9rience professionnelle de deux ans dans le marketing ou la conception graphique.<\/p>\n\n\n\n<p>Le tarif de la formation est de 4 080\u20ac, mais des financements peuvent r\u00e9duire le co\u00fbt \u00e0 z\u00e9ro.<\/p>\n\n\n\n<h2 class=\"wp-block-heading\">8.&nbsp;&nbsp;&nbsp; La formation \u00ab&nbsp;R\u00e9diger pour le web&nbsp;\u00bb de Cegos<\/h2>\n\n\n\n<figure class=\"wp-block-image size-large\"><img decoding=\"async\" width=\"1024\" height=\"486\" src=\"https:\/\/www.redacteur.com\/blog\/wp-content\/uploads\/sites\/6\/2024\/05\/formation-redaction-web-cegos-1024x486.png\" alt=\"\" class=\"wp-image-40298\" srcset=\"https:\/\/www.redacteur.com\/blog\/wp-content\/uploads\/sites\/6\/2024\/05\/formation-redaction-web-cegos-1024x486.png 1024w, https:\/\/www.redacteur.com\/blog\/wp-content\/uploads\/sites\/6\/2024\/05\/formation-redaction-web-cegos-300x142.png 300w, https:\/\/www.redacteur.com\/blog\/wp-content\/uploads\/sites\/6\/2024\/05\/formation-redaction-web-cegos-768x364.png 768w, https:\/\/www.redacteur.com\/blog\/wp-content\/uploads\/sites\/6\/2024\/05\/formation-redaction-web-cegos-1536x729.png 1536w, https:\/\/www.redacteur.com\/blog\/wp-content\/uploads\/sites\/6\/2024\/05\/formation-redaction-web-cegos-60x28.png 60w, https:\/\/www.redacteur.com\/blog\/wp-content\/uploads\/sites\/6\/2024\/05\/formation-redaction-web-cegos-370x176.png 370w, https:\/\/www.redacteur.com\/blog\/wp-content\/uploads\/sites\/6\/2024\/05\/formation-redaction-web-cegos-270x128.png 270w, https:\/\/www.redacteur.com\/blog\/wp-content\/uploads\/sites\/6\/2024\/05\/formation-redaction-web-cegos-570x270.png 570w, https:\/\/www.redacteur.com\/blog\/wp-content\/uploads\/sites\/6\/2024\/05\/formation-redaction-web-cegos-740x351.png 740w, https:\/\/www.redacteur.com\/blog\/wp-content\/uploads\/sites\/6\/2024\/05\/formation-redaction-web-cegos.png 1920w\" sizes=\"(max-width: 1024px) 100vw, 1024px\" \/><\/figure>\n\n\n\n<p>Ma\u00eetrisez les codes de l&#8217;\u00e9criture digitale tout en optimisant le r\u00e9f\u00e9rencement naturel de vos contenus avec <a href=\"https:\/\/www.cegos.fr\/formations\/marketing-marketing-digital\/rediger-pour-le-web\" target=\"_blank\" rel=\"noreferrer noopener\">la formation \u00ab&nbsp;R\u00e9diger pour le web&nbsp;\u00bb de Cegos<\/a>.<\/p>\n\n\n\n<p>Sur 2 jours, en pr\u00e9sentiel ou \u00e0 distance, vous apprendrez \u00e0 ajuster votre \u00e9criture pour captiver \u00e0 la fois les lecteurs et les moteurs de recherche. Le programme inclut des techniques pour am\u00e9liorer la lisibilit\u00e9 et la scannabilit\u00e9 des textes, choisir des mots-cl\u00e9s strat\u00e9giques et utiliser des balises HTML pour le SEO.<\/p>\n\n\n\n<p>Des exercices pratiques renforceront votre capacit\u00e9 \u00e0 produire des titres accrocheurs et un style engageant. La formation s&#8217;adresse aux responsables marketing, de communication, \u00e9ditoriaux et aux community managers. Aucun pr\u00e9requis n&#8217;est n\u00e9cessaire.<\/p>\n\n\n\n<p>Le co\u00fbt est de 1 510\u20ac HT.<\/p>\n\n\n\n<h2 class=\"wp-block-heading\">9.&nbsp;&nbsp;&nbsp; D\u00e9couvrir le marketing de contenu avec Hubspot Academy<\/h2>\n\n\n\n<figure class=\"wp-block-image size-large\"><img decoding=\"async\" width=\"1024\" height=\"486\" src=\"https:\/\/www.redacteur.com\/blog\/wp-content\/uploads\/sites\/6\/2024\/05\/formation-redaction-web-hubspot-1024x486.png\" alt=\"\" class=\"wp-image-40299\" srcset=\"https:\/\/www.redacteur.com\/blog\/wp-content\/uploads\/sites\/6\/2024\/05\/formation-redaction-web-hubspot-1024x486.png 1024w, https:\/\/www.redacteur.com\/blog\/wp-content\/uploads\/sites\/6\/2024\/05\/formation-redaction-web-hubspot-300x142.png 300w, https:\/\/www.redacteur.com\/blog\/wp-content\/uploads\/sites\/6\/2024\/05\/formation-redaction-web-hubspot-768x364.png 768w, https:\/\/www.redacteur.com\/blog\/wp-content\/uploads\/sites\/6\/2024\/05\/formation-redaction-web-hubspot-1536x729.png 1536w, https:\/\/www.redacteur.com\/blog\/wp-content\/uploads\/sites\/6\/2024\/05\/formation-redaction-web-hubspot-60x28.png 60w, https:\/\/www.redacteur.com\/blog\/wp-content\/uploads\/sites\/6\/2024\/05\/formation-redaction-web-hubspot-370x176.png 370w, https:\/\/www.redacteur.com\/blog\/wp-content\/uploads\/sites\/6\/2024\/05\/formation-redaction-web-hubspot-270x128.png 270w, https:\/\/www.redacteur.com\/blog\/wp-content\/uploads\/sites\/6\/2024\/05\/formation-redaction-web-hubspot-570x270.png 570w, https:\/\/www.redacteur.com\/blog\/wp-content\/uploads\/sites\/6\/2024\/05\/formation-redaction-web-hubspot-740x351.png 740w, https:\/\/www.redacteur.com\/blog\/wp-content\/uploads\/sites\/6\/2024\/05\/formation-redaction-web-hubspot.png 1920w\" sizes=\"(max-width: 1024px) 100vw, 1024px\" \/><\/figure>\n\n\n\n<p>D\u00e9couvrez les fondamentaux du marketing de contenu avec <a href=\"https:\/\/academy.hubspot.fr\/courses\/content-marketing\" target=\"_blank\" rel=\"noreferrer noopener\">la formation gratuite propos\u00e9e par HubSpot Academy<\/a>. Ce module s&#8217;adresse aux professionnels du marketing, gestionnaires de contenu, sp\u00e9cialistes de l&#8217;inbound marketing, ainsi qu&#8217;aux \u00e9tudiants en marketing. Elle couvre une m\u00e9thodologie compl\u00e8te de cr\u00e9ation de contenu pour produire efficacement et r\u00e9guli\u00e8rement des textes appr\u00e9ci\u00e9s par les utilisateurs et les moteurs de recherche.<\/p>\n\n\n\n<p>En 7 heures et 38 minutes, r\u00e9parties sur 12 modules contenant 54 vid\u00e9os et 11 quiz, vous apprendrez \u00e0 cr\u00e9er, optimiser et r\u00e9utiliser le contenu de mani\u00e8re strat\u00e9gique. Ce parcours vous permettra de devenir un expert en content marketing, capable de d\u00e9velopper et d&#8217;impl\u00e9menter des strat\u00e9gies efficaces et pertinentes.<\/p>\n\n\n\n<h2 class=\"wp-block-heading\">10.&nbsp;&nbsp;&nbsp; La formation \u00ab&nbsp;R\u00e9daction SEO&nbsp;\u00bb d\u2019Abondance<\/h2>\n\n\n\n<figure class=\"wp-block-image size-large\"><img decoding=\"async\" width=\"1024\" height=\"505\" src=\"https:\/\/www.redacteur.com\/blog\/wp-content\/uploads\/sites\/6\/2024\/05\/formation-redaction-web-abondance-1024x505.png\" alt=\"\" class=\"wp-image-40300\" srcset=\"https:\/\/www.redacteur.com\/blog\/wp-content\/uploads\/sites\/6\/2024\/05\/formation-redaction-web-abondance-1024x505.png 1024w, https:\/\/www.redacteur.com\/blog\/wp-content\/uploads\/sites\/6\/2024\/05\/formation-redaction-web-abondance-300x148.png 300w, https:\/\/www.redacteur.com\/blog\/wp-content\/uploads\/sites\/6\/2024\/05\/formation-redaction-web-abondance-768x379.png 768w, https:\/\/www.redacteur.com\/blog\/wp-content\/uploads\/sites\/6\/2024\/05\/formation-redaction-web-abondance-1536x758.png 1536w, https:\/\/www.redacteur.com\/blog\/wp-content\/uploads\/sites\/6\/2024\/05\/formation-redaction-web-abondance-60x30.png 60w, https:\/\/www.redacteur.com\/blog\/wp-content\/uploads\/sites\/6\/2024\/05\/formation-redaction-web-abondance-370x183.png 370w, https:\/\/www.redacteur.com\/blog\/wp-content\/uploads\/sites\/6\/2024\/05\/formation-redaction-web-abondance-270x133.png 270w, https:\/\/www.redacteur.com\/blog\/wp-content\/uploads\/sites\/6\/2024\/05\/formation-redaction-web-abondance-570x281.png 570w, https:\/\/www.redacteur.com\/blog\/wp-content\/uploads\/sites\/6\/2024\/05\/formation-redaction-web-abondance-740x365.png 740w, https:\/\/www.redacteur.com\/blog\/wp-content\/uploads\/sites\/6\/2024\/05\/formation-redaction-web-abondance.png 1540w\" sizes=\"(max-width: 1024px) 100vw, 1024px\" \/><\/figure>\n\n\n\n<p>La <a href=\"https:\/\/www.formaseo.fr\/formation-redaction-web-seo\/\" target=\"_blank\" rel=\"noreferrer noopener\">formation &#8220;R\u00e9daction SEO&#8221; anim\u00e9e par Isabelle Canivet<\/a> s\u2019adresse aux professionnels qui souhaitent ma\u00eetriser l&#8217;art de r\u00e9diger des contenus optimis\u00e9s pour les moteurs de recherche. En 9 heures r\u00e9parties sur 45 vid\u00e9os, vous explorerez une m\u00e9thodologie compl\u00e8te pour int\u00e9grer les meilleures pratiques SEO \u00e0 votre r\u00e9daction.<\/p>\n\n\n\n<p>Le programme, d\u00e9coup\u00e9 en 11 chapitres, couvre des aspects essentiels allant du choix du sujet et du format, \u00e0 l&#8217;optimisation des balises et \u00e0 l&#8217;int\u00e9gration visuelle, jusqu&#8217;\u00e0 la mesure de performance du contenu. En bonus&nbsp;: vous recevez un guide des bonnes pratiques de r\u00e9daction web.&nbsp;<\/p>\n\n\n\n<p>Cette formation est parfaite pour les responsables de communication, les marketeurs, les chefs de projet web, les webmasters et toute personne souhaitant devenir r\u00e9dacteur SEO freelance.<\/p>\n\n\n\n<p>Le tarif commence \u00e0 299\u20ac HT.<\/p>\n\n\n\n<h2 class=\"wp-block-heading\">Comment trouver vos premiers clients apr\u00e8s votre formation en r\u00e9daction web&nbsp;?<\/h2>\n\n\n\n<p>Apr\u00e8s avoir suivi une formation en r\u00e9daction web, vous disposez d&#8217;une palette d&#8217;outils et de connaissances pour parfaire votre \u00e9criture digitale. Que vous d\u00e9butiez dans le domaine ou cherchiez \u00e0 enrichir vos comp\u00e9tences, chaque programme offre une approche unique et efficace.<\/p>\n\n\n\n<p>N&#8217;attendez plus pour transformer votre passion en profession&nbsp;: <a href=\"https:\/\/www.redacteur.com\/identities\/sign_up\" target=\"_blank\" rel=\"noreferrer noopener\">inscrivez-vous sur Redacteur.com<\/a> pour obtenir vos premi\u00e8res commandes et mettre en pratique ce que vous avez appris&nbsp;!<\/p>\n","protected":false},"excerpt":{"rendered":"<p>Vous aspirez \u00e0 exceller en r\u00e9daction web, que ce soit en freelance ou au sein d&#8217;un service marketing&nbsp;? Ou peut-\u00eatre souhaitez-vous simplement aiguiser vos comp\u00e9tences r\u00e9dactionnelles et tester vos acquis&nbsp;? D\u00e9couvrez notre s\u00e9lection des 10 meilleures formations de r\u00e9daction web, en ligne ou en pr\u00e9sentiel, pour vous faire passer au niveau sup\u00e9rieur. Ces cours sont [&hellip;]<\/p>\n","protected":false},"author":66,"featured_media":40301,"comment_status":"closed","ping_status":"closed","sticky":false,"template":"","format":"standard","meta":{"_acf_changed":false,"inline_featured_image":false,"footnotes":""},"categories":[11],"tags":[],"class_list":["post-40290","post","type-post","status-publish","format-standard","has-post-thumbnail","hentry","category-redaction-web"],"acf":[],"yoast_head":"<!-- This site is optimized with the Yoast SEO plugin v25.9 - https:\/\/yoast.com\/wordpress\/plugins\/seo\/ -->\n<title>Les 10 meilleures formations de r\u00e9daction web - Redacteur Blog<\/title>\n<meta name=\"description\" content=\"Vous aspirez \u00e0 exceller en r\u00e9daction web, que ce soit en freelance ou au sein d&#039;un service marketing ? Ou peut-\u00eatre souhaitez-vous simplement aiguiser vos\" \/>\n<meta name=\"robots\" content=\"index, follow, max-snippet:-1, max-image-preview:large, max-video-preview:-1\" \/>\n<link rel=\"canonical\" href=\"https:\/\/www.redacteur.com\/blog\/formations-redaction-web\/\" \/>\n<meta property=\"og:locale\" content=\"fr_FR\" \/>\n<meta property=\"og:type\" content=\"article\" \/>\n<meta property=\"og:title\" content=\"Les 10 meilleures formations de r\u00e9daction web - Redacteur Blog\" \/>\n<meta property=\"og:description\" content=\"Vous aspirez \u00e0 exceller en r\u00e9daction web, que ce soit en freelance ou au sein d&#039;un service marketing ? Ou peut-\u00eatre souhaitez-vous simplement aiguiser vos\" \/>\n<meta property=\"og:url\" content=\"https:\/\/www.redacteur.com\/blog\/formations-redaction-web\/\" \/>\n<meta property=\"og:site_name\" content=\"Redacteur.com\" \/>\n<meta property=\"article:publisher\" content=\"https:\/\/www.facebook.com\/redacteurcom\" \/>\n<meta property=\"article:published_time\" content=\"2024-05-28T13:33:56+00:00\" \/>\n<meta property=\"article:modified_time\" content=\"2024-11-19T10:48:21+00:00\" \/>\n<meta property=\"og:image\" content=\"https:\/\/www.redacteur.com\/blog\/wp-content\/uploads\/sites\/6\/2024\/05\/formation-redaction-web.jpg\" \/>\n\t<meta property=\"og:image:width\" content=\"1024\" \/>\n\t<meta property=\"og:image:height\" content=\"618\" \/>\n\t<meta property=\"og:image:type\" content=\"image\/jpeg\" \/>\n<meta name=\"author\" content=\"C\u00e9line Albarracin\" \/>\n<meta name=\"twitter:card\" content=\"summary_large_image\" \/>\n<meta name=\"twitter:creator\" content=\"@Redacteurcom\" \/>\n<meta name=\"twitter:site\" content=\"@Redacteurcom\" \/>\n<meta name=\"twitter:label1\" content=\"\u00c9crit par\" \/>\n\t<meta name=\"twitter:data1\" content=\"C\u00e9line Albarracin\" \/>\n\t<meta name=\"twitter:label2\" content=\"Dur\u00e9e de lecture estim\u00e9e\" \/>\n\t<meta name=\"twitter:data2\" content=\"10 minutes\" \/>\n<script type=\"application\/ld+json\" class=\"yoast-schema-graph\">{\"@context\":\"https:\/\/schema.org\",\"@graph\":[{\"@type\":\"Article\",\"@id\":\"https:\/\/www.redacteur.com\/blog\/formations-redaction-web\/#article\",\"isPartOf\":{\"@id\":\"https:\/\/www.redacteur.com\/blog\/formations-redaction-web\/\"},\"author\":{\"name\":\"C\u00e9line Albarracin\",\"@id\":\"https:\/\/www.redacteur.com\/blog\/#\/schema\/person\/aed1f234f8f0815e215275b45552fb19\"},\"headline\":\"Les 10 meilleures formations de r\u00e9daction web\",\"datePublished\":\"2024-05-28T13:33:56+00:00\",\"dateModified\":\"2024-11-19T10:48:21+00:00\",\"mainEntityOfPage\":{\"@id\":\"https:\/\/www.redacteur.com\/blog\/formations-redaction-web\/\"},\"wordCount\":1576,\"publisher\":{\"@id\":\"https:\/\/www.redacteur.com\/blog\/#organization\"},\"image\":{\"@id\":\"https:\/\/www.redacteur.com\/blog\/formations-redaction-web\/#primaryimage\"},\"thumbnailUrl\":\"https:\/\/www.redacteur.com\/blog\/wp-content\/uploads\/sites\/6\/2024\/05\/formation-redaction-web.jpg\",\"articleSection\":[\"R\u00e9daction web\"],\"inLanguage\":\"fr-FR\"},{\"@type\":\"WebPage\",\"@id\":\"https:\/\/www.redacteur.com\/blog\/formations-redaction-web\/\",\"url\":\"https:\/\/www.redacteur.com\/blog\/formations-redaction-web\/\",\"name\":\"Les 10 meilleures formations de r\u00e9daction web - Redacteur Blog\",\"isPartOf\":{\"@id\":\"https:\/\/www.redacteur.com\/blog\/#website\"},\"primaryImageOfPage\":{\"@id\":\"https:\/\/www.redacteur.com\/blog\/formations-redaction-web\/#primaryimage\"},\"image\":{\"@id\":\"https:\/\/www.redacteur.com\/blog\/formations-redaction-web\/#primaryimage\"},\"thumbnailUrl\":\"https:\/\/www.redacteur.com\/blog\/wp-content\/uploads\/sites\/6\/2024\/05\/formation-redaction-web.jpg\",\"datePublished\":\"2024-05-28T13:33:56+00:00\",\"dateModified\":\"2024-11-19T10:48:21+00:00\",\"description\":\"Vous aspirez \u00e0 exceller en r\u00e9daction web, que ce soit en freelance ou au sein d'un service marketing ? Ou peut-\u00eatre souhaitez-vous simplement aiguiser vos\",\"breadcrumb\":{\"@id\":\"https:\/\/www.redacteur.com\/blog\/formations-redaction-web\/#breadcrumb\"},\"inLanguage\":\"fr-FR\",\"potentialAction\":[{\"@type\":\"ReadAction\",\"target\":[\"https:\/\/www.redacteur.com\/blog\/formations-redaction-web\/\"]}]},{\"@type\":\"ImageObject\",\"inLanguage\":\"fr-FR\",\"@id\":\"https:\/\/www.redacteur.com\/blog\/formations-redaction-web\/#primaryimage\",\"url\":\"https:\/\/www.redacteur.com\/blog\/wp-content\/uploads\/sites\/6\/2024\/05\/formation-redaction-web.jpg\",\"contentUrl\":\"https:\/\/www.redacteur.com\/blog\/wp-content\/uploads\/sites\/6\/2024\/05\/formation-redaction-web.jpg\",\"width\":1024,\"height\":618},{\"@type\":\"BreadcrumbList\",\"@id\":\"https:\/\/www.redacteur.com\/blog\/formations-redaction-web\/#breadcrumb\",\"itemListElement\":[{\"@type\":\"ListItem\",\"position\":1,\"name\":\"Blog\",\"item\":\"https:\/\/www.redacteur.com\/blog\/\"},{\"@type\":\"ListItem\",\"position\":2,\"name\":\"R\u00e9daction web\",\"item\":\"https:\/\/www.redacteur.com\/blog\/redaction-web\/\"},{\"@type\":\"ListItem\",\"position\":3,\"name\":\"Les 10 meilleures formations de r\u00e9daction web\"}]},{\"@type\":\"WebSite\",\"@id\":\"https:\/\/www.redacteur.com\/blog\/#website\",\"url\":\"https:\/\/www.redacteur.com\/blog\/\",\"name\":\"Redacteur.com\",\"description\":\"redacteur\",\"publisher\":{\"@id\":\"https:\/\/www.redacteur.com\/blog\/#organization\"},\"potentialAction\":[{\"@type\":\"SearchAction\",\"target\":{\"@type\":\"EntryPoint\",\"urlTemplate\":\"https:\/\/www.redacteur.com\/blog\/?s={search_term_string}\"},\"query-input\":{\"@type\":\"PropertyValueSpecification\",\"valueRequired\":true,\"valueName\":\"search_term_string\"}}],\"inLanguage\":\"fr-FR\"},{\"@type\":\"Organization\",\"@id\":\"https:\/\/www.redacteur.com\/blog\/#organization\",\"name\":\"Redacteur.com\",\"url\":\"https:\/\/www.redacteur.com\/blog\/\",\"logo\":{\"@type\":\"ImageObject\",\"inLanguage\":\"fr-FR\",\"@id\":\"https:\/\/www.redacteur.com\/blog\/#\/schema\/logo\/image\/\",\"url\":\"https:\/\/www.redacteur.com\/blog\/wp-content\/uploads\/sites\/6\/2022\/10\/logo-redacteur-blog.svg\",\"contentUrl\":\"https:\/\/www.redacteur.com\/blog\/wp-content\/uploads\/sites\/6\/2022\/10\/logo-redacteur-blog.svg\",\"width\":1,\"height\":1,\"caption\":\"Redacteur.com\"},\"image\":{\"@id\":\"https:\/\/www.redacteur.com\/blog\/#\/schema\/logo\/image\/\"},\"sameAs\":[\"https:\/\/www.facebook.com\/redacteurcom\",\"https:\/\/x.com\/Redacteurcom\",\"https:\/\/www.linkedin.com\/company\/redacteur-com\",\"https:\/\/www.youtube.com\/channel\/UCgj9ySM9xy3gdL8qBafl9Uw\/\"]},{\"@type\":\"Person\",\"@id\":\"https:\/\/www.redacteur.com\/blog\/#\/schema\/person\/aed1f234f8f0815e215275b45552fb19\",\"name\":\"C\u00e9line Albarracin\",\"image\":{\"@type\":\"ImageObject\",\"inLanguage\":\"fr-FR\",\"@id\":\"https:\/\/www.redacteur.com\/blog\/#\/schema\/person\/image\/\",\"url\":\"https:\/\/secure.gravatar.com\/avatar\/5f8037511ab6527c87ad67da2a340e5c46e1c82beb9df711e61099a1530ceebb?s=96&d=mm&r=g\",\"contentUrl\":\"https:\/\/secure.gravatar.com\/avatar\/5f8037511ab6527c87ad67da2a340e5c46e1c82beb9df711e61099a1530ceebb?s=96&d=mm&r=g\",\"caption\":\"C\u00e9line Albarracin\"},\"description\":\"C\u00e9line est une r\u00e9dactrice web sp\u00e9cialiste du SEO. Elle met en place des strat\u00e9gies de contenu pouss\u00e9es. C'est aussi une CM hors pair.\",\"sameAs\":[\"https:\/\/www.linkedin.com\/in\/celinealbarracin\/\"],\"url\":\"https:\/\/www.redacteur.com\/blog\/author\/celinealbarracin\/\"}]}<\/script>\n<!-- \/ Yoast SEO plugin. -->","yoast_head_json":{"title":"Les 10 meilleures formations de r\u00e9daction web - Redacteur Blog","description":"Vous aspirez \u00e0 exceller en r\u00e9daction web, que ce soit en freelance ou au sein d'un service marketing ? Ou peut-\u00eatre souhaitez-vous simplement aiguiser vos","robots":{"index":"index","follow":"follow","max-snippet":"max-snippet:-1","max-image-preview":"max-image-preview:large","max-video-preview":"max-video-preview:-1"},"canonical":"https:\/\/www.redacteur.com\/blog\/formations-redaction-web\/","og_locale":"fr_FR","og_type":"article","og_title":"Les 10 meilleures formations de r\u00e9daction web - Redacteur Blog","og_description":"Vous aspirez \u00e0 exceller en r\u00e9daction web, que ce soit en freelance ou au sein d'un service marketing ? Ou peut-\u00eatre souhaitez-vous simplement aiguiser vos","og_url":"https:\/\/www.redacteur.com\/blog\/formations-redaction-web\/","og_site_name":"Redacteur.com","article_publisher":"https:\/\/www.facebook.com\/redacteurcom","article_published_time":"2024-05-28T13:33:56+00:00","article_modified_time":"2024-11-19T10:48:21+00:00","og_image":[{"width":1024,"height":618,"url":"https:\/\/www.redacteur.com\/blog\/wp-content\/uploads\/sites\/6\/2024\/05\/formation-redaction-web.jpg","type":"image\/jpeg"}],"author":"C\u00e9line Albarracin","twitter_card":"summary_large_image","twitter_creator":"@Redacteurcom","twitter_site":"@Redacteurcom","twitter_misc":{"\u00c9crit par":"C\u00e9line Albarracin","Dur\u00e9e de lecture estim\u00e9e":"10 minutes"},"schema":{"@context":"https:\/\/schema.org","@graph":[{"@type":"Article","@id":"https:\/\/www.redacteur.com\/blog\/formations-redaction-web\/#article","isPartOf":{"@id":"https:\/\/www.redacteur.com\/blog\/formations-redaction-web\/"},"author":{"name":"C\u00e9line Albarracin","@id":"https:\/\/www.redacteur.com\/blog\/#\/schema\/person\/aed1f234f8f0815e215275b45552fb19"},"headline":"Les 10 meilleures formations de r\u00e9daction web","datePublished":"2024-05-28T13:33:56+00:00","dateModified":"2024-11-19T10:48:21+00:00","mainEntityOfPage":{"@id":"https:\/\/www.redacteur.com\/blog\/formations-redaction-web\/"},"wordCount":1576,"publisher":{"@id":"https:\/\/www.redacteur.com\/blog\/#organization"},"image":{"@id":"https:\/\/www.redacteur.com\/blog\/formations-redaction-web\/#primaryimage"},"thumbnailUrl":"https:\/\/www.redacteur.com\/blog\/wp-content\/uploads\/sites\/6\/2024\/05\/formation-redaction-web.jpg","articleSection":["R\u00e9daction web"],"inLanguage":"fr-FR"},{"@type":"WebPage","@id":"https:\/\/www.redacteur.com\/blog\/formations-redaction-web\/","url":"https:\/\/www.redacteur.com\/blog\/formations-redaction-web\/","name":"Les 10 meilleures formations de r\u00e9daction web - Redacteur Blog","isPartOf":{"@id":"https:\/\/www.redacteur.com\/blog\/#website"},"primaryImageOfPage":{"@id":"https:\/\/www.redacteur.com\/blog\/formations-redaction-web\/#primaryimage"},"image":{"@id":"https:\/\/www.redacteur.com\/blog\/formations-redaction-web\/#primaryimage"},"thumbnailUrl":"https:\/\/www.redacteur.com\/blog\/wp-content\/uploads\/sites\/6\/2024\/05\/formation-redaction-web.jpg","datePublished":"2024-05-28T13:33:56+00:00","dateModified":"2024-11-19T10:48:21+00:00","description":"Vous aspirez \u00e0 exceller en r\u00e9daction web, que ce soit en freelance ou au sein d'un service marketing ? Ou peut-\u00eatre souhaitez-vous simplement aiguiser vos","breadcrumb":{"@id":"https:\/\/www.redacteur.com\/blog\/formations-redaction-web\/#breadcrumb"},"inLanguage":"fr-FR","potentialAction":[{"@type":"ReadAction","target":["https:\/\/www.redacteur.com\/blog\/formations-redaction-web\/"]}]},{"@type":"ImageObject","inLanguage":"fr-FR","@id":"https:\/\/www.redacteur.com\/blog\/formations-redaction-web\/#primaryimage","url":"https:\/\/www.redacteur.com\/blog\/wp-content\/uploads\/sites\/6\/2024\/05\/formation-redaction-web.jpg","contentUrl":"https:\/\/www.redacteur.com\/blog\/wp-content\/uploads\/sites\/6\/2024\/05\/formation-redaction-web.jpg","width":1024,"height":618},{"@type":"BreadcrumbList","@id":"https:\/\/www.redacteur.com\/blog\/formations-redaction-web\/#breadcrumb","itemListElement":[{"@type":"ListItem","position":1,"name":"Blog","item":"https:\/\/www.redacteur.com\/blog\/"},{"@type":"ListItem","position":2,"name":"R\u00e9daction web","item":"https:\/\/www.redacteur.com\/blog\/redaction-web\/"},{"@type":"ListItem","position":3,"name":"Les 10 meilleures formations de r\u00e9daction web"}]},{"@type":"WebSite","@id":"https:\/\/www.redacteur.com\/blog\/#website","url":"https:\/\/www.redacteur.com\/blog\/","name":"Redacteur.com","description":"redacteur","publisher":{"@id":"https:\/\/www.redacteur.com\/blog\/#organization"},"potentialAction":[{"@type":"SearchAction","target":{"@type":"EntryPoint","urlTemplate":"https:\/\/www.redacteur.com\/blog\/?s={search_term_string}"},"query-input":{"@type":"PropertyValueSpecification","valueRequired":true,"valueName":"search_term_string"}}],"inLanguage":"fr-FR"},{"@type":"Organization","@id":"https:\/\/www.redacteur.com\/blog\/#organization","name":"Redacteur.com","url":"https:\/\/www.redacteur.com\/blog\/","logo":{"@type":"ImageObject","inLanguage":"fr-FR","@id":"https:\/\/www.redacteur.com\/blog\/#\/schema\/logo\/image\/","url":"https:\/\/www.redacteur.com\/blog\/wp-content\/uploads\/sites\/6\/2022\/10\/logo-redacteur-blog.svg","contentUrl":"https:\/\/www.redacteur.com\/blog\/wp-content\/uploads\/sites\/6\/2022\/10\/logo-redacteur-blog.svg","width":1,"height":1,"caption":"Redacteur.com"},"image":{"@id":"https:\/\/www.redacteur.com\/blog\/#\/schema\/logo\/image\/"},"sameAs":["https:\/\/www.facebook.com\/redacteurcom","https:\/\/x.com\/Redacteurcom","https:\/\/www.linkedin.com\/company\/redacteur-com","https:\/\/www.youtube.com\/channel\/UCgj9ySM9xy3gdL8qBafl9Uw\/"]},{"@type":"Person","@id":"https:\/\/www.redacteur.com\/blog\/#\/schema\/person\/aed1f234f8f0815e215275b45552fb19","name":"C\u00e9line Albarracin","image":{"@type":"ImageObject","inLanguage":"fr-FR","@id":"https:\/\/www.redacteur.com\/blog\/#\/schema\/person\/image\/","url":"https:\/\/secure.gravatar.com\/avatar\/5f8037511ab6527c87ad67da2a340e5c46e1c82beb9df711e61099a1530ceebb?s=96&d=mm&r=g","contentUrl":"https:\/\/secure.gravatar.com\/avatar\/5f8037511ab6527c87ad67da2a340e5c46e1c82beb9df711e61099a1530ceebb?s=96&d=mm&r=g","caption":"C\u00e9line Albarracin"},"description":"C\u00e9line est une r\u00e9dactrice web sp\u00e9cialiste du SEO. Elle met en place des strat\u00e9gies de contenu pouss\u00e9es. C'est aussi une CM hors pair.","sameAs":["https:\/\/www.linkedin.com\/in\/celinealbarracin\/"],"url":"https:\/\/www.redacteur.com\/blog\/author\/celinealbarracin\/"}]}},"_links":{"self":[{"href":"https:\/\/www.redacteur.com\/blog\/wp-json\/wp\/v2\/posts\/40290","targetHints":{"allow":["GET"]}}],"collection":[{"href":"https:\/\/www.redacteur.com\/blog\/wp-json\/wp\/v2\/posts"}],"about":[{"href":"https:\/\/www.redacteur.com\/blog\/wp-json\/wp\/v2\/types\/post"}],"author":[{"embeddable":true,"href":"https:\/\/www.redacteur.com\/blog\/wp-json\/wp\/v2\/users\/66"}],"replies":[{"embeddable":true,"href":"https:\/\/www.redacteur.com\/blog\/wp-json\/wp\/v2\/comments?post=40290"}],"version-history":[{"count":0,"href":"https:\/\/www.redacteur.com\/blog\/wp-json\/wp\/v2\/posts\/40290\/revisions"}],"wp:featuredmedia":[{"embeddable":true,"href":"https:\/\/www.redacteur.com\/blog\/wp-json\/wp\/v2\/media\/40301"}],"wp:attachment":[{"href":"https:\/\/www.redacteur.com\/blog\/wp-json\/wp\/v2\/media?parent=40290"}],"wp:term":[{"taxonomy":"category","embeddable":true,"href":"https:\/\/www.redacteur.com\/blog\/wp-json\/wp\/v2\/categories?post=40290"},{"taxonomy":"post_tag","embeddable":true,"href":"https:\/\/www.redacteur.com\/blog\/wp-json\/wp\/v2\/tags?post=40290"}],"curies":[{"name":"wp","href":"https:\/\/api.w.org\/{rel}","templated":true}]}}