{"id":40593,"date":"2026-02-05T12:00:00","date_gmt":"2026-02-05T11:00:00","guid":{"rendered":"https:\/\/www.redacteur.com\/blog\/?p=40593"},"modified":"2026-02-05T12:00:00","modified_gmt":"2026-02-05T11:00:00","slug":"ajouter-videos-dans-pages-web","status":"publish","type":"post","link":"https:\/\/www.redacteur.com\/blog\/ajouter-videos-dans-pages-web\/","title":{"rendered":"Pourquoi ajouter des vid\u00e9os dans vos pages web&nbsp;?"},"content":{"rendered":"\n<p>Les <a href=\"https:\/\/www.wyzowl.com\/human-attention-span\/\" target=\"_blank\" rel=\"noreferrer noopener\">scientifiques estiment<\/a> que notre dur\u00e9e d&#8217;attention est d\u00e9sormais plus courte que celle d&#8217;un poisson rouge\u2026 dont la moyenne est de 9 secondes&nbsp;! Ainsi, chaque d\u00e9tail compte pour capter et retenir l\u2019int\u00e9r\u00eat de vos visiteurs.<\/p>\n\n\n\n<p><strong>L\u2019une des solutions les plus efficaces est d\u2019ajouter des vid\u00e9os \u00e0 vos pages web.<\/strong> Cependant, ce n\u2019est pas la seule raison d\u2019int\u00e9grer ce format dans vos contenus. Quand on sait que <a href=\"https:\/\/www.vid-marketing.com\/video-marketing-media-davenir\/\" target=\"_blank\" rel=\"noreferrer noopener\">80% des internautes<\/a> vont regarder une vid\u00e9o, tandis que seulement 20% liront le texte, il para\u00eet essentiel de se pencher sur ses b\u00e9n\u00e9fices.<\/p>\n\n\n\n<p>Explorons ensemble les raisons pour lesquelles int\u00e9grer des vid\u00e9os dans vos pages web peut faire une diff\u00e9rence et comment le faire sans alourdir votre site.<\/p>\n\n\n\n<h2 class=\"wp-block-heading\">L\u2019impact des vid\u00e9os sur le r\u00e9f\u00e9rencement naturel<\/h2>\n\n\n\n<p>Ajouter des vid\u00e9os pertinentes \u00e0 vos pages web peut faire toute la diff\u00e9rence en mati\u00e8re de r\u00e9f\u00e9rencement naturel. En effet, les moteurs de recherche comme Google accordent une importance croissante aux contenus multim\u00e9dias, et les vid\u00e9os n\u2019\u00e9chappent pas \u00e0 cette r\u00e8gle. Lorsqu\u2019elles sont bien optimis\u00e9es, elles peuvent appara\u00eetre dans l\u2019onglet &#8220;Vid\u00e9os&#8221; de Google, augmentant ainsi vos chances de capter du trafic suppl\u00e9mentaire.<\/p>\n\n\n\n<p>Imaginez&nbsp;: vous publiez un article de blog sur une th\u00e9matique pr\u00e9cise, dans lequel vous int\u00e9grez une vid\u00e9o explicative. Non seulement votre article est index\u00e9 par Google, mais cette derni\u00e8re peut \u00e9galement appara\u00eetre dans les r\u00e9sultats de recherche vid\u00e9o, comme ici sur la requ\u00eate \u00ab&nbsp;comment perdre du ventre&nbsp;?&nbsp;\u00bb&nbsp;:<\/p>\n\n\n\n<figure class=\"wp-block-image size-full\"><img decoding=\"async\" width=\"963\" height=\"730\" src=\"https:\/\/www.redacteur.com\/blog\/wp-content\/uploads\/sites\/6\/2024\/08\/ajouter-video-pages-web-seo.png\" alt=\"\" class=\"wp-image-40594\" srcset=\"https:\/\/www.redacteur.com\/blog\/wp-content\/uploads\/sites\/6\/2024\/08\/ajouter-video-pages-web-seo.png 963w, https:\/\/www.redacteur.com\/blog\/wp-content\/uploads\/sites\/6\/2024\/08\/ajouter-video-pages-web-seo-300x227.png 300w, https:\/\/www.redacteur.com\/blog\/wp-content\/uploads\/sites\/6\/2024\/08\/ajouter-video-pages-web-seo-768x582.png 768w, https:\/\/www.redacteur.com\/blog\/wp-content\/uploads\/sites\/6\/2024\/08\/ajouter-video-pages-web-seo-60x45.png 60w, https:\/\/www.redacteur.com\/blog\/wp-content\/uploads\/sites\/6\/2024\/08\/ajouter-video-pages-web-seo-370x280.png 370w, https:\/\/www.redacteur.com\/blog\/wp-content\/uploads\/sites\/6\/2024\/08\/ajouter-video-pages-web-seo-270x205.png 270w, https:\/\/www.redacteur.com\/blog\/wp-content\/uploads\/sites\/6\/2024\/08\/ajouter-video-pages-web-seo-570x432.png 570w, https:\/\/www.redacteur.com\/blog\/wp-content\/uploads\/sites\/6\/2024\/08\/ajouter-video-pages-web-seo-740x561.png 740w, https:\/\/www.redacteur.com\/blog\/wp-content\/uploads\/sites\/6\/2024\/08\/ajouter-video-pages-web-seo-80x60.png 80w\" sizes=\"(max-width: 963px) 100vw, 963px\" \/><\/figure>\n\n\n\n<p>Cette double exposition peut g\u00e9n\u00e9rer jusqu&#8217;\u00e0 20% de visites en plus sur votre article, en fonction de la requ\u00eate. C\u2019est un levier souvent sous-estim\u00e9, mais extr\u00eamement efficace pour augmenter la visibilit\u00e9 de votre contenu.<\/p>\n\n\n\n<h2 class=\"wp-block-heading\">Une vid\u00e9o pertinente et engageante&nbsp;: la cl\u00e9 pour capter l&#8217;attention<\/h2>\n\n\n\n<p>En moyenne, les utilisateurs ne lisent que 28 % des mots d&#8217;une page web. De plus, la dur\u00e9e moyenne d&#8217;une visite est inf\u00e9rieure \u00e0 une minute, les utilisateurs quittant fr\u00e9quemment un contenu en seulement 10 \u00e0 20 secondes.<\/p>\n\n\n\n<p>Il est donc important de proposer du contenu qui s&#8217;aligne parfaitement avec le sujet de votre page web et qui capte imm\u00e9diatement l&#8217;attention.<\/p>\n\n\n\n<p>Pour contrer cette tendance, une vid\u00e9o bien int\u00e9gr\u00e9e, qui apporte une v\u00e9ritable valeur ajout\u00e9e \u00e0 votre texte, est un outil puissant pour retenir l&#8217;attention des internautes. Qu&#8217;il s&#8217;agisse <a href=\"https:\/\/www.redacteur.com\/blog\/rediger-un-tutoriel\/\" target=\"_blank\" rel=\"noreferrer noopener\">d&#8217;un tutoriel<\/a>, d&#8217;une interview, d&#8217;une d\u00e9monstration produit ou d&#8217;une explication d\u00e9taill\u00e9e d&#8217;un concept abord\u00e9 dans l&#8217;article, la vid\u00e9o doit enrichir l&#8217;exp\u00e9rience utilisateur.<\/p>\n\n\n\n<p>Par exemple, dans un article d\u00e9di\u00e9 \u00e0 la pr\u00e9paration de repas sains et rapides, une vid\u00e9o montrant comment pr\u00e9parer une recette simple et \u00e9quilibr\u00e9e captivera imm\u00e9diatement les visiteurs. Plut\u00f4t que de se contenter de lire la recette, ils pourront visualiser chaque \u00e9tape. Ils seront ainsi plus enclins \u00e0 rester sur la page pour suivre la d\u00e9monstration jusqu&#8217;au bout, r\u00e9duisant ainsi le taux de rebond et am\u00e9liorant la performance de la page en termes de SEO.<\/p>\n\n\n\n<h2 class=\"wp-block-heading\">Les bonnes pratiques pour ajouter des vid\u00e9os sur vos pages web<\/h2>\n\n\n\n<p>Vous l\u2019aurez compris, l&#8217;int\u00e9gration de vid\u00e9os sur vos pages web est une strat\u00e9gie puissante pour am\u00e9liorer l&#8217;engagement des utilisateurs et optimiser votre SEO.<\/p>\n\n\n\n<p>Cependant, il est essentiel de suivre certaines bonnes pratiques pour tirer le meilleur parti de cette technique sans nuire \u00e0 la performance de votre site.<\/p>\n\n\n\n<h3 class=\"wp-block-heading\">Utiliser des plateformes externes pour h\u00e9berger vos vid\u00e9os<\/h3>\n\n\n\n<p>Lorsque vous ajoutez une vid\u00e9o \u00e0 une page web, il est pr\u00e9f\u00e9rable de <a href=\"https:\/\/www.redacteur.com\/blog\/seo-comment-se-referencer-sur-youtube\/\" target=\"_blank\" rel=\"noreferrer noopener\">l&#8217;h\u00e9berger sur une plateforme externe comme YouTube<\/a> ou Vimeo, plut\u00f4t que directement sur votre serveur.<\/p>\n\n\n\n<p>En l\u2019int\u00e9grant via une iframe, vous \u00e9vitez de ralentir le temps de chargement de votre contenu. Ce qui vous prot\u00e8ge contre l\u2019effet rebond, un mauvais signal pour Google.<\/p>\n\n\n\n<p>Par ailleurs, utiliser une iframe permet, non seulement, de maintenir la l\u00e9g\u00e8ret\u00e9 de votre page, mais aussi de profiter de la bande passante de plateformes d\u00e9di\u00e9es \u00e0 la diffusion de vid\u00e9os, tout en b\u00e9n\u00e9ficiant de leur audience.<\/p>\n\n\n\n<h3 class=\"wp-block-heading\">Recycler et adapter votre contenu vid\u00e9o et textuel<\/h3>\n\n\n\n<p>Une excellente pratique pour maximiser l&#8217;utilisation de vos contenus consiste \u00e0 recycler et adapter vos vid\u00e9os en articles de blog, et inversement. Si vous avez d\u00e9j\u00e0 publi\u00e9 des vid\u00e9os sur des plateformes comme YouTube, pensez \u00e0 les int\u00e9grer dans des articles de blog en lien avec leur sujet.<\/p>\n\n\n\n<p>D\u2019une part, cette pratique enrichit votre contenu \u00e9crit et, d\u2019autre part, cela am\u00e9liore \u00e9galement le r\u00e9f\u00e9rencement de votre site.<\/p>\n\n\n\n<p>\u00c0 l&#8217;inverse, vous pouvez aussi transformer vos articles de blog d\u00e9taill\u00e9s en vid\u00e9os. Ce format attire un public diff\u00e9rent et se diffuse facilement sur les r\u00e9seaux sociaux. De plus, vous donnez une nouvelle vie \u00e0 vos anciens contenus ce qui, encore une fois, est un bon point pour votre visibilit\u00e9 dans les moteurs de recherche.<\/p>\n\n\n\n<p>Enfin, l&#8217;int\u00e9gration de vid\u00e9os explicatives dans des pages produits, <a href=\"https:\/\/www.redacteur.com\/blog\/integrer-faq-donnees-structurees\/\" target=\"_blank\" rel=\"noreferrer noopener\">des FAQ<\/a> ou des pages de services permet de r\u00e9pondre aux attentes des utilisateurs de mani\u00e8re claire et engageante.<\/p>\n\n\n\n<h3 class=\"wp-block-heading\">Optimiser vos vid\u00e9os pour un meilleur r\u00e9f\u00e9rencement naturel<\/h3>\n\n\n\n<p>Pour optimiser le r\u00e9f\u00e9rencement de vos vid\u00e9os, commencez par utiliser des titres et descriptions riches en mots-cl\u00e9s pertinents. Assurez-vous que le titre est accrocheur et que la description est assez d\u00e9taill\u00e9e, avec quelques mots-cl\u00e9s strat\u00e9giques.<\/p>\n\n\n\n<p>Veillez \u00e9galement \u00e0 utiliser des m\u00e9tadonn\u00e9es optimis\u00e9es. Incluez des mots-cl\u00e9s dans les tags, les balises &#8220;alt&#8221; et choisissez un nom de fichier vid\u00e9o descriptif plut\u00f4t qu&#8217;un nom g\u00e9n\u00e9rique. Cependant, attention \u00e0 ne pas sur-optimiser\u00a0! Conservez une r\u00e9daction naturelle et humaine, surtout si vous vous aidez de<a href=\"https:\/\/www.redacteur.com\/blog\/chatgpt-title-meta-description\/\" target=\"_blank\" rel=\"noreferrer noopener\"> l\u2019IA pour \u00e9crire ces balises<\/a>.<\/p>\n\n\n\n<p>Ensuite, int\u00e9grez des transcriptions et sous-titres pour am\u00e9liorer l&#8217;accessibilit\u00e9 et offrir du contenu textuel que les moteurs de recherche peuvent indexer. Cela permet \u00e9galement d&#8217;atteindre un public plus large, incluant les utilisateurs malentendants.<\/p>\n\n\n\n<p>Impl\u00e9mentez par ailleurs le sch\u00e9ma de balisage vid\u00e9o (VideoObject) pour fournir des informations structur\u00e9es \u00e0 Google. Cette technique aide \u00e0 afficher des r\u00e9sultats enrichis, comme des miniatures de vid\u00e9os dans les SERP.<\/p>\n\n\n\n<h2 class=\"wp-block-heading\">Comment mesurer l\u2019impact des vid\u00e9os sur votre trafic organique&nbsp;?<\/h2>\n\n\n\n<p>Pour mesurer l\u2019impact des vid\u00e9os que vous int\u00e9grez \u00e0 vos pages web, <a href=\"https:\/\/www.redacteur.com\/blog\/google-search-console-c-est-quoi\/\" target=\"_blank\" rel=\"noreferrer noopener\">Google Search Console reste votre meilleur alli\u00e9<\/a>. Cet outil gratuit permet d\u2019analyser la performance de vos contenus, dont les vid\u00e9os, au sein d\u2019un m\u00eame tableau de bord.<\/p>\n\n\n\n<p>Pour ce faire, rendez-vous dans l\u2019onglet &#8220;Performance&#8221;, s\u00e9lectionnez &#8220;Type de recherche&#8221;, puis choisissez &#8220;Vid\u00e9o&#8221;. Vous verrez alors les performances de vos contenus anim\u00e9s en termes de clics, d\u2019impressions et de position moyenne.<\/p>\n\n\n\n<figure class=\"wp-block-image size-large\"><img decoding=\"async\" width=\"1024\" height=\"660\" src=\"https:\/\/www.redacteur.com\/blog\/wp-content\/uploads\/sites\/6\/2024\/08\/video-search-console-1024x660.png\" alt=\"\" class=\"wp-image-40595\" srcset=\"https:\/\/www.redacteur.com\/blog\/wp-content\/uploads\/sites\/6\/2024\/08\/video-search-console-1024x660.png 1024w, https:\/\/www.redacteur.com\/blog\/wp-content\/uploads\/sites\/6\/2024\/08\/video-search-console-300x193.png 300w, https:\/\/www.redacteur.com\/blog\/wp-content\/uploads\/sites\/6\/2024\/08\/video-search-console-768x495.png 768w, https:\/\/www.redacteur.com\/blog\/wp-content\/uploads\/sites\/6\/2024\/08\/video-search-console-1536x990.png 1536w, https:\/\/www.redacteur.com\/blog\/wp-content\/uploads\/sites\/6\/2024\/08\/video-search-console-60x39.png 60w, https:\/\/www.redacteur.com\/blog\/wp-content\/uploads\/sites\/6\/2024\/08\/video-search-console-370x239.png 370w, https:\/\/www.redacteur.com\/blog\/wp-content\/uploads\/sites\/6\/2024\/08\/video-search-console-270x174.png 270w, https:\/\/www.redacteur.com\/blog\/wp-content\/uploads\/sites\/6\/2024\/08\/video-search-console-570x368.png 570w, https:\/\/www.redacteur.com\/blog\/wp-content\/uploads\/sites\/6\/2024\/08\/video-search-console-740x477.png 740w, https:\/\/www.redacteur.com\/blog\/wp-content\/uploads\/sites\/6\/2024\/08\/video-search-console.png 1554w\" sizes=\"(max-width: 1024px) 100vw, 1024px\" \/><\/figure>\n\n\n\n<p>Cela vous permettra d\u2019identifier quelles vid\u00e9os fonctionnent le mieux et d\u2019optimiser les autres en cons\u00e9quence. Cette analyse est indispensable pour affiner votre marketing de contenu et maximiser votre retour sur investissement (ROI).<\/p>\n\n\n\n<h2 class=\"wp-block-heading\">Notre dernier conseil pour ajouter des vid\u00e9os dans vos pages web<\/h2>\n\n\n\n<p>Int\u00e9grer des vid\u00e9os sur vos pages web peut transformer votre strat\u00e9gie de contenu en v\u00e9ritable machine \u00e0 g\u00e9n\u00e9rer du trafic. En appliquant ces bonnes pratiques, vous pouvez am\u00e9liorer votre r\u00e9f\u00e9rencement, capter l\u2019attention de vos visiteurs et renforcer l\u2019engagement sur votre site.<\/p>\n\n\n\n<p>Cependant, pensez toujours \u00e0 cr\u00e9er un contenu de qualit\u00e9, \u00e0 la fois pour les vid\u00e9os et pour les textes qui les accompagnent. \u00c0 cet effet, pensez \u00e0 faire appel \u00e0 un professionnel qui saura produire des articles pertinents et optimis\u00e9s, ainsi que des scripts pour vos vid\u00e9os en passant par notre <a href=\"https:\/\/www.redacteur.com\/steps\/orders\/new\" target=\"_blank\" rel=\"noreferrer noopener\">plateforme de r\u00e9daction, Redacteur.com<\/a>.<\/p>\n","protected":false},"excerpt":{"rendered":"<p>Les scientifiques estiment que notre dur\u00e9e d&#8217;attention est d\u00e9sormais plus courte que celle d&#8217;un poisson rouge\u2026 dont la moyenne est de 9 secondes&nbsp;! Ainsi, chaque d\u00e9tail compte pour capter et retenir l\u2019int\u00e9r\u00eat de vos visiteurs. L\u2019une des solutions les plus efficaces est d\u2019ajouter des vid\u00e9os \u00e0 vos pages web. Cependant, ce n\u2019est pas la seule [&hellip;]<\/p>\n","protected":false},"author":66,"featured_media":42068,"comment_status":"closed","ping_status":"closed","sticky":false,"template":"","format":"standard","meta":{"_acf_changed":false,"inline_featured_image":false,"footnotes":""},"categories":[17],"tags":[],"class_list":["post-40593","post","type-post","status-publish","format-standard","has-post-thumbnail","hentry","category-video"],"acf":[],"yoast_head":"<!-- This site is optimized with the Yoast SEO plugin v25.9 - https:\/\/yoast.com\/wordpress\/plugins\/seo\/ -->\n<title>Pourquoi ajouter des vid\u00e9os dans vos pages web ? - Redacteur Blog<\/title>\n<meta name=\"description\" content=\"Les scientifiques estiment que notre dur\u00e9e d&#039;attention est d\u00e9sormais plus courte que celle d&#039;un poisson rouge\u2026 dont la moyenne est de 9 secondes ! Ainsi,\" \/>\n<meta name=\"robots\" content=\"index, follow, max-snippet:-1, max-image-preview:large, max-video-preview:-1\" \/>\n<link rel=\"canonical\" href=\"https:\/\/www.redacteur.com\/blog\/ajouter-videos-dans-pages-web\/\" \/>\n<meta property=\"og:locale\" content=\"fr_FR\" \/>\n<meta property=\"og:type\" content=\"article\" \/>\n<meta property=\"og:title\" content=\"Pourquoi ajouter des vid\u00e9os dans vos pages web ? - Redacteur Blog\" \/>\n<meta property=\"og:description\" content=\"Les scientifiques estiment que notre dur\u00e9e d&#039;attention est d\u00e9sormais plus courte que celle d&#039;un poisson rouge\u2026 dont la moyenne est de 9 secondes ! Ainsi,\" \/>\n<meta property=\"og:url\" content=\"https:\/\/www.redacteur.com\/blog\/ajouter-videos-dans-pages-web\/\" \/>\n<meta property=\"og:site_name\" content=\"Redacteur.com\" \/>\n<meta property=\"article:publisher\" content=\"https:\/\/www.facebook.com\/redacteurcom\" \/>\n<meta property=\"article:published_time\" content=\"2026-02-05T11:00:00+00:00\" \/>\n<meta property=\"og:image\" content=\"https:\/\/www.redacteur.com\/blog\/wp-content\/uploads\/sites\/6\/2024\/08\/video-page-web.png\" \/>\n\t<meta property=\"og:image:width\" content=\"1200\" \/>\n\t<meta property=\"og:image:height\" content=\"675\" \/>\n\t<meta property=\"og:image:type\" content=\"image\/png\" \/>\n<meta name=\"author\" content=\"C\u00e9line Albarracin\" \/>\n<meta name=\"twitter:card\" content=\"summary_large_image\" \/>\n<meta name=\"twitter:creator\" content=\"@Redacteurcom\" \/>\n<meta name=\"twitter:site\" content=\"@Redacteurcom\" \/>\n<meta name=\"twitter:label1\" content=\"\u00c9crit par\" \/>\n\t<meta name=\"twitter:data1\" content=\"C\u00e9line Albarracin\" \/>\n\t<meta name=\"twitter:label2\" content=\"Dur\u00e9e de lecture estim\u00e9e\" \/>\n\t<meta name=\"twitter:data2\" content=\"7 minutes\" \/>\n<script type=\"application\/ld+json\" class=\"yoast-schema-graph\">{\"@context\":\"https:\/\/schema.org\",\"@graph\":[{\"@type\":\"Article\",\"@id\":\"https:\/\/www.redacteur.com\/blog\/ajouter-videos-dans-pages-web\/#article\",\"isPartOf\":{\"@id\":\"https:\/\/www.redacteur.com\/blog\/ajouter-videos-dans-pages-web\/\"},\"author\":{\"name\":\"C\u00e9line Albarracin\",\"@id\":\"https:\/\/www.redacteur.com\/blog\/#\/schema\/person\/aed1f234f8f0815e215275b45552fb19\"},\"headline\":\"Pourquoi ajouter des vid\u00e9os dans vos pages web&nbsp;?\",\"datePublished\":\"2026-02-05T11:00:00+00:00\",\"mainEntityOfPage\":{\"@id\":\"https:\/\/www.redacteur.com\/blog\/ajouter-videos-dans-pages-web\/\"},\"wordCount\":1348,\"publisher\":{\"@id\":\"https:\/\/www.redacteur.com\/blog\/#organization\"},\"image\":{\"@id\":\"https:\/\/www.redacteur.com\/blog\/ajouter-videos-dans-pages-web\/#primaryimage\"},\"thumbnailUrl\":\"https:\/\/www.redacteur.com\/blog\/wp-content\/uploads\/sites\/6\/2024\/08\/video-page-web.png\",\"articleSection\":[\"Vid\u00e9o\"],\"inLanguage\":\"fr-FR\"},{\"@type\":\"WebPage\",\"@id\":\"https:\/\/www.redacteur.com\/blog\/ajouter-videos-dans-pages-web\/\",\"url\":\"https:\/\/www.redacteur.com\/blog\/ajouter-videos-dans-pages-web\/\",\"name\":\"Pourquoi ajouter des vid\u00e9os dans vos pages web ? - Redacteur Blog\",\"isPartOf\":{\"@id\":\"https:\/\/www.redacteur.com\/blog\/#website\"},\"primaryImageOfPage\":{\"@id\":\"https:\/\/www.redacteur.com\/blog\/ajouter-videos-dans-pages-web\/#primaryimage\"},\"image\":{\"@id\":\"https:\/\/www.redacteur.com\/blog\/ajouter-videos-dans-pages-web\/#primaryimage\"},\"thumbnailUrl\":\"https:\/\/www.redacteur.com\/blog\/wp-content\/uploads\/sites\/6\/2024\/08\/video-page-web.png\",\"datePublished\":\"2026-02-05T11:00:00+00:00\",\"description\":\"Les scientifiques estiment que notre dur\u00e9e d'attention est d\u00e9sormais plus courte que celle d'un poisson rouge\u2026 dont la moyenne est de 9 secondes ! Ainsi,\",\"breadcrumb\":{\"@id\":\"https:\/\/www.redacteur.com\/blog\/ajouter-videos-dans-pages-web\/#breadcrumb\"},\"inLanguage\":\"fr-FR\",\"potentialAction\":[{\"@type\":\"ReadAction\",\"target\":[\"https:\/\/www.redacteur.com\/blog\/ajouter-videos-dans-pages-web\/\"]}]},{\"@type\":\"ImageObject\",\"inLanguage\":\"fr-FR\",\"@id\":\"https:\/\/www.redacteur.com\/blog\/ajouter-videos-dans-pages-web\/#primaryimage\",\"url\":\"https:\/\/www.redacteur.com\/blog\/wp-content\/uploads\/sites\/6\/2024\/08\/video-page-web.png\",\"contentUrl\":\"https:\/\/www.redacteur.com\/blog\/wp-content\/uploads\/sites\/6\/2024\/08\/video-page-web.png\",\"width\":1200,\"height\":675,\"caption\":\"vid\u00e9o page web\"},{\"@type\":\"BreadcrumbList\",\"@id\":\"https:\/\/www.redacteur.com\/blog\/ajouter-videos-dans-pages-web\/#breadcrumb\",\"itemListElement\":[{\"@type\":\"ListItem\",\"position\":1,\"name\":\"Blog\",\"item\":\"https:\/\/www.redacteur.com\/blog\/\"},{\"@type\":\"ListItem\",\"position\":2,\"name\":\"Content marketing\",\"item\":\"https:\/\/www.redacteur.com\/blog\/contenu-web\/\"},{\"@type\":\"ListItem\",\"position\":3,\"name\":\"Vid\u00e9o\",\"item\":\"https:\/\/www.redacteur.com\/blog\/contenu-web\/video\/\"},{\"@type\":\"ListItem\",\"position\":4,\"name\":\"Pourquoi ajouter des vid\u00e9os dans vos pages web&nbsp;?\"}]},{\"@type\":\"WebSite\",\"@id\":\"https:\/\/www.redacteur.com\/blog\/#website\",\"url\":\"https:\/\/www.redacteur.com\/blog\/\",\"name\":\"Redacteur.com\",\"description\":\"redacteur\",\"publisher\":{\"@id\":\"https:\/\/www.redacteur.com\/blog\/#organization\"},\"potentialAction\":[{\"@type\":\"SearchAction\",\"target\":{\"@type\":\"EntryPoint\",\"urlTemplate\":\"https:\/\/www.redacteur.com\/blog\/?s={search_term_string}\"},\"query-input\":{\"@type\":\"PropertyValueSpecification\",\"valueRequired\":true,\"valueName\":\"search_term_string\"}}],\"inLanguage\":\"fr-FR\"},{\"@type\":\"Organization\",\"@id\":\"https:\/\/www.redacteur.com\/blog\/#organization\",\"name\":\"Redacteur.com\",\"url\":\"https:\/\/www.redacteur.com\/blog\/\",\"logo\":{\"@type\":\"ImageObject\",\"inLanguage\":\"fr-FR\",\"@id\":\"https:\/\/www.redacteur.com\/blog\/#\/schema\/logo\/image\/\",\"url\":\"https:\/\/www.redacteur.com\/blog\/wp-content\/uploads\/sites\/6\/2022\/10\/logo-redacteur-blog.svg\",\"contentUrl\":\"https:\/\/www.redacteur.com\/blog\/wp-content\/uploads\/sites\/6\/2022\/10\/logo-redacteur-blog.svg\",\"width\":1,\"height\":1,\"caption\":\"Redacteur.com\"},\"image\":{\"@id\":\"https:\/\/www.redacteur.com\/blog\/#\/schema\/logo\/image\/\"},\"sameAs\":[\"https:\/\/www.facebook.com\/redacteurcom\",\"https:\/\/x.com\/Redacteurcom\",\"https:\/\/www.linkedin.com\/company\/redacteur-com\",\"https:\/\/www.youtube.com\/channel\/UCgj9ySM9xy3gdL8qBafl9Uw\/\"]},{\"@type\":\"Person\",\"@id\":\"https:\/\/www.redacteur.com\/blog\/#\/schema\/person\/aed1f234f8f0815e215275b45552fb19\",\"name\":\"C\u00e9line Albarracin\",\"image\":{\"@type\":\"ImageObject\",\"inLanguage\":\"fr-FR\",\"@id\":\"https:\/\/www.redacteur.com\/blog\/#\/schema\/person\/image\/\",\"url\":\"https:\/\/secure.gravatar.com\/avatar\/5f8037511ab6527c87ad67da2a340e5c46e1c82beb9df711e61099a1530ceebb?s=96&d=mm&r=g\",\"contentUrl\":\"https:\/\/secure.gravatar.com\/avatar\/5f8037511ab6527c87ad67da2a340e5c46e1c82beb9df711e61099a1530ceebb?s=96&d=mm&r=g\",\"caption\":\"C\u00e9line Albarracin\"},\"description\":\"C\u00e9line est une r\u00e9dactrice web sp\u00e9cialiste du SEO. Elle met en place des strat\u00e9gies de contenu pouss\u00e9es. C'est aussi une CM hors pair.\",\"sameAs\":[\"https:\/\/www.linkedin.com\/in\/celinealbarracin\/\"],\"url\":\"https:\/\/www.redacteur.com\/blog\/author\/celinealbarracin\/\"}]}<\/script>\n<!-- \/ Yoast SEO plugin. -->","yoast_head_json":{"title":"Pourquoi ajouter des vid\u00e9os dans vos pages web ? - Redacteur Blog","description":"Les scientifiques estiment que notre dur\u00e9e d'attention est d\u00e9sormais plus courte que celle d'un poisson rouge\u2026 dont la moyenne est de 9 secondes ! Ainsi,","robots":{"index":"index","follow":"follow","max-snippet":"max-snippet:-1","max-image-preview":"max-image-preview:large","max-video-preview":"max-video-preview:-1"},"canonical":"https:\/\/www.redacteur.com\/blog\/ajouter-videos-dans-pages-web\/","og_locale":"fr_FR","og_type":"article","og_title":"Pourquoi ajouter des vid\u00e9os dans vos pages web ? - Redacteur Blog","og_description":"Les scientifiques estiment que notre dur\u00e9e d'attention est d\u00e9sormais plus courte que celle d'un poisson rouge\u2026 dont la moyenne est de 9 secondes ! Ainsi,","og_url":"https:\/\/www.redacteur.com\/blog\/ajouter-videos-dans-pages-web\/","og_site_name":"Redacteur.com","article_publisher":"https:\/\/www.facebook.com\/redacteurcom","article_published_time":"2026-02-05T11:00:00+00:00","og_image":[{"width":1200,"height":675,"url":"https:\/\/www.redacteur.com\/blog\/wp-content\/uploads\/sites\/6\/2024\/08\/video-page-web.png","type":"image\/png"}],"author":"C\u00e9line Albarracin","twitter_card":"summary_large_image","twitter_creator":"@Redacteurcom","twitter_site":"@Redacteurcom","twitter_misc":{"\u00c9crit par":"C\u00e9line Albarracin","Dur\u00e9e de lecture estim\u00e9e":"7 minutes"},"schema":{"@context":"https:\/\/schema.org","@graph":[{"@type":"Article","@id":"https:\/\/www.redacteur.com\/blog\/ajouter-videos-dans-pages-web\/#article","isPartOf":{"@id":"https:\/\/www.redacteur.com\/blog\/ajouter-videos-dans-pages-web\/"},"author":{"name":"C\u00e9line Albarracin","@id":"https:\/\/www.redacteur.com\/blog\/#\/schema\/person\/aed1f234f8f0815e215275b45552fb19"},"headline":"Pourquoi ajouter des vid\u00e9os dans vos pages web&nbsp;?","datePublished":"2026-02-05T11:00:00+00:00","mainEntityOfPage":{"@id":"https:\/\/www.redacteur.com\/blog\/ajouter-videos-dans-pages-web\/"},"wordCount":1348,"publisher":{"@id":"https:\/\/www.redacteur.com\/blog\/#organization"},"image":{"@id":"https:\/\/www.redacteur.com\/blog\/ajouter-videos-dans-pages-web\/#primaryimage"},"thumbnailUrl":"https:\/\/www.redacteur.com\/blog\/wp-content\/uploads\/sites\/6\/2024\/08\/video-page-web.png","articleSection":["Vid\u00e9o"],"inLanguage":"fr-FR"},{"@type":"WebPage","@id":"https:\/\/www.redacteur.com\/blog\/ajouter-videos-dans-pages-web\/","url":"https:\/\/www.redacteur.com\/blog\/ajouter-videos-dans-pages-web\/","name":"Pourquoi ajouter des vid\u00e9os dans vos pages web ? - Redacteur Blog","isPartOf":{"@id":"https:\/\/www.redacteur.com\/blog\/#website"},"primaryImageOfPage":{"@id":"https:\/\/www.redacteur.com\/blog\/ajouter-videos-dans-pages-web\/#primaryimage"},"image":{"@id":"https:\/\/www.redacteur.com\/blog\/ajouter-videos-dans-pages-web\/#primaryimage"},"thumbnailUrl":"https:\/\/www.redacteur.com\/blog\/wp-content\/uploads\/sites\/6\/2024\/08\/video-page-web.png","datePublished":"2026-02-05T11:00:00+00:00","description":"Les scientifiques estiment que notre dur\u00e9e d'attention est d\u00e9sormais plus courte que celle d'un poisson rouge\u2026 dont la moyenne est de 9 secondes ! Ainsi,","breadcrumb":{"@id":"https:\/\/www.redacteur.com\/blog\/ajouter-videos-dans-pages-web\/#breadcrumb"},"inLanguage":"fr-FR","potentialAction":[{"@type":"ReadAction","target":["https:\/\/www.redacteur.com\/blog\/ajouter-videos-dans-pages-web\/"]}]},{"@type":"ImageObject","inLanguage":"fr-FR","@id":"https:\/\/www.redacteur.com\/blog\/ajouter-videos-dans-pages-web\/#primaryimage","url":"https:\/\/www.redacteur.com\/blog\/wp-content\/uploads\/sites\/6\/2024\/08\/video-page-web.png","contentUrl":"https:\/\/www.redacteur.com\/blog\/wp-content\/uploads\/sites\/6\/2024\/08\/video-page-web.png","width":1200,"height":675,"caption":"vid\u00e9o page web"},{"@type":"BreadcrumbList","@id":"https:\/\/www.redacteur.com\/blog\/ajouter-videos-dans-pages-web\/#breadcrumb","itemListElement":[{"@type":"ListItem","position":1,"name":"Blog","item":"https:\/\/www.redacteur.com\/blog\/"},{"@type":"ListItem","position":2,"name":"Content marketing","item":"https:\/\/www.redacteur.com\/blog\/contenu-web\/"},{"@type":"ListItem","position":3,"name":"Vid\u00e9o","item":"https:\/\/www.redacteur.com\/blog\/contenu-web\/video\/"},{"@type":"ListItem","position":4,"name":"Pourquoi ajouter des vid\u00e9os dans vos pages web&nbsp;?"}]},{"@type":"WebSite","@id":"https:\/\/www.redacteur.com\/blog\/#website","url":"https:\/\/www.redacteur.com\/blog\/","name":"Redacteur.com","description":"redacteur","publisher":{"@id":"https:\/\/www.redacteur.com\/blog\/#organization"},"potentialAction":[{"@type":"SearchAction","target":{"@type":"EntryPoint","urlTemplate":"https:\/\/www.redacteur.com\/blog\/?s={search_term_string}"},"query-input":{"@type":"PropertyValueSpecification","valueRequired":true,"valueName":"search_term_string"}}],"inLanguage":"fr-FR"},{"@type":"Organization","@id":"https:\/\/www.redacteur.com\/blog\/#organization","name":"Redacteur.com","url":"https:\/\/www.redacteur.com\/blog\/","logo":{"@type":"ImageObject","inLanguage":"fr-FR","@id":"https:\/\/www.redacteur.com\/blog\/#\/schema\/logo\/image\/","url":"https:\/\/www.redacteur.com\/blog\/wp-content\/uploads\/sites\/6\/2022\/10\/logo-redacteur-blog.svg","contentUrl":"https:\/\/www.redacteur.com\/blog\/wp-content\/uploads\/sites\/6\/2022\/10\/logo-redacteur-blog.svg","width":1,"height":1,"caption":"Redacteur.com"},"image":{"@id":"https:\/\/www.redacteur.com\/blog\/#\/schema\/logo\/image\/"},"sameAs":["https:\/\/www.facebook.com\/redacteurcom","https:\/\/x.com\/Redacteurcom","https:\/\/www.linkedin.com\/company\/redacteur-com","https:\/\/www.youtube.com\/channel\/UCgj9ySM9xy3gdL8qBafl9Uw\/"]},{"@type":"Person","@id":"https:\/\/www.redacteur.com\/blog\/#\/schema\/person\/aed1f234f8f0815e215275b45552fb19","name":"C\u00e9line Albarracin","image":{"@type":"ImageObject","inLanguage":"fr-FR","@id":"https:\/\/www.redacteur.com\/blog\/#\/schema\/person\/image\/","url":"https:\/\/secure.gravatar.com\/avatar\/5f8037511ab6527c87ad67da2a340e5c46e1c82beb9df711e61099a1530ceebb?s=96&d=mm&r=g","contentUrl":"https:\/\/secure.gravatar.com\/avatar\/5f8037511ab6527c87ad67da2a340e5c46e1c82beb9df711e61099a1530ceebb?s=96&d=mm&r=g","caption":"C\u00e9line Albarracin"},"description":"C\u00e9line est une r\u00e9dactrice web sp\u00e9cialiste du SEO. Elle met en place des strat\u00e9gies de contenu pouss\u00e9es. C'est aussi une CM hors pair.","sameAs":["https:\/\/www.linkedin.com\/in\/celinealbarracin\/"],"url":"https:\/\/www.redacteur.com\/blog\/author\/celinealbarracin\/"}]}},"_links":{"self":[{"href":"https:\/\/www.redacteur.com\/blog\/wp-json\/wp\/v2\/posts\/40593","targetHints":{"allow":["GET"]}}],"collection":[{"href":"https:\/\/www.redacteur.com\/blog\/wp-json\/wp\/v2\/posts"}],"about":[{"href":"https:\/\/www.redacteur.com\/blog\/wp-json\/wp\/v2\/types\/post"}],"author":[{"embeddable":true,"href":"https:\/\/www.redacteur.com\/blog\/wp-json\/wp\/v2\/users\/66"}],"replies":[{"embeddable":true,"href":"https:\/\/www.redacteur.com\/blog\/wp-json\/wp\/v2\/comments?post=40593"}],"version-history":[{"count":0,"href":"https:\/\/www.redacteur.com\/blog\/wp-json\/wp\/v2\/posts\/40593\/revisions"}],"wp:featuredmedia":[{"embeddable":true,"href":"https:\/\/www.redacteur.com\/blog\/wp-json\/wp\/v2\/media\/42068"}],"wp:attachment":[{"href":"https:\/\/www.redacteur.com\/blog\/wp-json\/wp\/v2\/media?parent=40593"}],"wp:term":[{"taxonomy":"category","embeddable":true,"href":"https:\/\/www.redacteur.com\/blog\/wp-json\/wp\/v2\/categories?post=40593"},{"taxonomy":"post_tag","embeddable":true,"href":"https:\/\/www.redacteur.com\/blog\/wp-json\/wp\/v2\/tags?post=40593"}],"curies":[{"name":"wp","href":"https:\/\/api.w.org\/{rel}","templated":true}]}}