{"id":5907,"date":"2012-11-08T14:05:58","date_gmt":"2012-11-08T12:05:58","guid":{"rendered":"https:\/\/www.redacteur.com\/blog\/?p=5907"},"modified":"2012-11-08T14:05:58","modified_gmt":"2012-11-08T12:05:58","slug":"comment-choisir-sa-camera","status":"publish","type":"post","link":"https:\/\/www.redacteur.com\/blog\/comment-choisir-sa-camera\/","title":{"rendered":"Comment choisir sa cam\u00e9ra&nbsp;?"},"content":{"rendered":"<p><strong>Pour la vid\u00e9o web, pas besoin d\u2019une cam\u00e9ra professionnelle. L\u2019offre est tout de m\u00eame vaste et il est parfois difficile de s\u2019y retrouver. Guide d&#8217;achat pour faire le bon choix\u2026<\/strong><\/p>\n<h2>Les crit\u00e8res de choix\u00a0?<\/h2>\n<p>Pour tourner une <strong>vid\u00e9o web<\/strong> vous n\u2019avez pas besoin de mat\u00e9riel haut de gamme. \u00a0Au minimum, votre <strong>cam\u00e9scope<\/strong> doit \u00eatre muni d\u2019une <strong>entr\u00e9e <a title=\"Comment choisir son micro?\" href=\"https:\/\/www.redacteur.com\/blog\/comment-choisir-son-materiel-de-prise-de-son\">micro<\/a><\/strong>, d\u2019une <strong>sortie casque<\/strong> et de la possibilit\u00e9 de se fixer sur <a title=\"Comment choisir son tr\u00e9pied vid\u00e9o?\" href=\"https:\/\/www.redacteur.com\/blog\/comment-choisir-son-trepied-video\/\"><strong>un tr\u00e9pied<\/strong><\/a>.<\/p>\n<p>Les crit\u00e8res de choix g\u00e9n\u00e9ralement admis pour l\u2019achat d\u2019un <strong>cam\u00e9scope haute d\u00e9finition<\/strong> sont les suivants\u00a0:<\/p>\n<ul>\n<li><strong>Votre budget<\/strong><\/li>\n<\/ul>\n<p>Les <strong>cam\u00e9scopes grands publics<\/strong> de qualit\u00e9 se n\u00e9gocient entre 300 et 1200 euros, si vous optez pour un <strong>mod\u00e8le semi-pro<\/strong>, il faudra d\u00e9bourser entre 3000 et 7000 euros.<\/p>\n<ul>\n<li><strong>La batterie<\/strong><\/li>\n<\/ul>\n<p>V\u00e9rifiez son autonomie, la possibilit\u00e9 de filmer avec l\u2019appareil branch\u00e9 et la facilit\u00e9 de changement.<\/p>\n<ul>\n<li><strong>La connectique<\/strong><\/li>\n<\/ul>\n<p>V\u00e9rifiez que la connectivit\u00e9 de votre cam\u00e9scope correspond \u00e0 celle de votre ordinateur\u00a0: <strong>port Firewire ou USB\u00a0<\/strong>par exemple. Pour brancher votre appareil \u00e0 votre t\u00e9l\u00e9viseur, il existe une multitude de connecteurs\u00a0: les <strong>ports HDMI et S-vid\u00e9o<\/strong> sont les plus qualitatifs. Cot\u00e9 son, le choix se fait entre <strong>jack et XLR<\/strong>. Le second est de meilleure qualit\u00e9 mais \u00e9quipe seulement les mod\u00e8les les plus on\u00e9reux.<\/p>\n<ul>\n<li><strong>Les r\u00e9glages<\/strong><\/li>\n<\/ul>\n<p>Les mod\u00e8les actuels de cam\u00e9scopes proposent de nombreux r\u00e9glages d\u2019image pr\u00e9-programm\u00e9s. Ceux-ci sont peu utiles \u00e9tant donn\u00e9 l\u2019efficacit\u00e9 des <strong>logiciels de montage vid\u00e9o<\/strong>. \u00a0Seul le <strong>r\u00e9glage manuel de la balance des blancs<\/strong> s\u2019av\u00e8re \u00eatre un vrai plus pour obtenir des images r\u00e9alistes.<\/p>\n<ul>\n<li><strong>L&#8217;ergonomie<\/strong><\/li>\n<\/ul>\n<p>Testez votre cam\u00e9scope avant l\u2019achat\u00a0: c\u2019est ainsi que vous appr\u00e9cierez l\u2019ergonomie de l\u2019appareil. V\u00e9rifiez la facilit\u00e9 d\u2019acc\u00e8s aux r\u00e9glages, l\u2019aisance et la pr\u00e9cision du visionnage, le poids et la compacit\u00e9 de l\u2019appareil.<\/p>\n<ul>\n<li><strong>Le zoom<\/strong><\/li>\n<\/ul>\n<p>Si vous comptez filmer des sujets \u00e9loign\u00e9s, <strong>un zoom optique<\/strong> puissant est de rigueur. Le <strong>tr\u00e9pied<\/strong> est alors obligatoire sinon gare aux images tremblantes d\u00e9sagr\u00e9ables. \u00a0Pour juger de la qualit\u00e9 d\u2019un zoom optique\u00a0: regardez la diff\u00e9rence entre la focale minimale et la maximale. Dans l\u2019id\u00e9al le premier nombre doit \u00eatre inf\u00e9rieur \u00e0 <strong>35 mm<\/strong> et le second doit \u00eatre <strong>le plus grand possible<\/strong>.<\/p>\n<ul>\n<li><strong>L&#8217;image<\/strong><\/li>\n<\/ul>\n<p>Soyez vigilant par rapport \u00e0 la qualit\u00e9 du capteur de votre futur cam\u00e9scope. Aujourd\u2019hui <strong>les capteurs CCD et CMOS<\/strong> cohabitent. Le second est plus r\u00e9cent et plus \u00e9conome en \u00e9nergie mais offre une qualit\u00e9 optique l\u00e9g\u00e8rement inf\u00e9rieur. Pour juger de la nettet\u00e9 de l\u2019image \u00a0renseignez vous sur <strong>la taille du capteur<\/strong> plut\u00f4t que sur son nombre de pixels. Un capteur de grande taille est moins sujet au bruit lors de conditions de luminosit\u00e9 difficiles.<strong> <\/strong><\/p>\n<h2>Cam\u00e9ra semi-professionnelle ou grand public\u00a0?<\/h2>\n<p>Les <strong>cam\u00e9ras semi professionnelles<\/strong> s\u2019adressent \u00e0 un <strong>public averti<\/strong>. Si vous avez besoin de fonctions professionnelles, elle sont faites pour vous\u00a0: r\u00e9glages plus fins, objectifs de meilleur qualit\u00e9, connectique professionnelle\u00a0et poids plus important pour une prise en main plus stable. <strong>Autre plus\u00a0:<\/strong> l\u2019heureux propri\u00e9taire d\u2019une cam\u00e9ra semi-professionnelle paraitra plus cr\u00e9dible lors d\u2019interview d\u2019inconnus par exemple. Comptez tout de m\u00eame <strong>plus de 3000 euros<\/strong> pour ces mod\u00e8les.<\/p>\n<p>Cependant, si vous d\u00e9butez dans la <strong>vid\u00e9o web,<\/strong> il est conseill\u00e9 d\u2019utiliser un <strong>cam\u00e9scope grand public<\/strong>. Les mod\u00e8les actuels restent tr\u00e8s performants et il est difficile d\u2019en atteindre les limites\u2026<\/p>\n<p><a title=\"Vid\u00e9o web&nbsp;: Dossier sur le mat\u00e9riel indispensable\" href=\"https:\/\/www.redacteur.com\/blog\/video-web-dossier-sur-le-materiel-indispensable\/\"><span style=\"text-decoration: underline\">Retour au sommaire du dossier<\/span><\/a><\/p>\n<p><span style=\"text-decoration: underline\"><br \/>\n<\/span><\/p>\n","protected":false},"excerpt":{"rendered":"<p>Besoin d&#8217;un camescope pour tourner une vid\u00e9o web? L&#8217;offre est vaste, voici un guide pour faire le bon choix et maitriser son budget&#8230;<\/p>\n","protected":false},"author":1,"featured_media":0,"comment_status":"open","ping_status":"open","sticky":false,"template":"","format":"standard","meta":{"_acf_changed":false,"inline_featured_image":false,"footnotes":""},"categories":[14],"tags":[],"class_list":["post-5907","post","type-post","status-publish","format-standard","hentry","category-strategie-editoriale"],"acf":[],"yoast_head":"<!-- This site is optimized with the Yoast SEO plugin v25.9 - https:\/\/yoast.com\/wordpress\/plugins\/seo\/ -->\n<title>Comment choisir sa cam\u00e9ra ? - Redacteur Blog<\/title>\n<meta name=\"description\" content=\"Besoin d&#039;un camescope pour tourner une vid\u00e9o web? L&#039;offre est vaste, voici un guide pour faire le bon choix et maitriser son budget...\" \/>\n<meta name=\"robots\" content=\"index, follow, max-snippet:-1, max-image-preview:large, max-video-preview:-1\" \/>\n<link rel=\"canonical\" href=\"https:\/\/www.redacteur.com\/blog\/comment-choisir-sa-camera\/\" \/>\n<meta property=\"og:locale\" content=\"fr_FR\" \/>\n<meta property=\"og:type\" content=\"article\" \/>\n<meta property=\"og:title\" content=\"Comment choisir sa cam\u00e9ra ? - Redacteur Blog\" \/>\n<meta property=\"og:description\" content=\"Besoin d&#039;un camescope pour tourner une vid\u00e9o web? L&#039;offre est vaste, voici un guide pour faire le bon choix et maitriser son budget...\" \/>\n<meta property=\"og:url\" content=\"https:\/\/www.redacteur.com\/blog\/comment-choisir-sa-camera\/\" \/>\n<meta property=\"og:site_name\" content=\"Redacteur.com\" \/>\n<meta property=\"article:publisher\" content=\"https:\/\/www.facebook.com\/redacteurcom\" \/>\n<meta property=\"article:published_time\" content=\"2012-11-08T12:05:58+00:00\" \/>\n<meta name=\"author\" content=\"Laura Michaud\" \/>\n<meta name=\"twitter:card\" content=\"summary_large_image\" \/>\n<meta name=\"twitter:creator\" content=\"@Redacteurcom\" \/>\n<meta name=\"twitter:site\" content=\"@Redacteurcom\" \/>\n<meta name=\"twitter:label1\" content=\"\u00c9crit par\" \/>\n\t<meta name=\"twitter:data1\" content=\"Laura Michaud\" \/>\n\t<meta name=\"twitter:label2\" content=\"Dur\u00e9e de lecture estim\u00e9e\" \/>\n\t<meta name=\"twitter:data2\" content=\"3 minutes\" \/>\n<script type=\"application\/ld+json\" class=\"yoast-schema-graph\">{\"@context\":\"https:\/\/schema.org\",\"@graph\":[{\"@type\":\"Article\",\"@id\":\"https:\/\/www.redacteur.com\/blog\/comment-choisir-sa-camera\/#article\",\"isPartOf\":{\"@id\":\"https:\/\/www.redacteur.com\/blog\/comment-choisir-sa-camera\/\"},\"author\":{\"name\":\"Laura Michaud\",\"@id\":\"https:\/\/www.redacteur.com\/blog\/#\/schema\/person\/33c0ef04707fbe50a096f282050bb5f2\"},\"headline\":\"Comment choisir sa cam\u00e9ra&nbsp;?\",\"datePublished\":\"2012-11-08T12:05:58+00:00\",\"mainEntityOfPage\":{\"@id\":\"https:\/\/www.redacteur.com\/blog\/comment-choisir-sa-camera\/\"},\"wordCount\":619,\"commentCount\":1,\"publisher\":{\"@id\":\"https:\/\/www.redacteur.com\/blog\/#organization\"},\"articleSection\":[\"Strat\u00e9gie \u00e9ditoriale\"],\"inLanguage\":\"fr-FR\",\"potentialAction\":[{\"@type\":\"CommentAction\",\"name\":\"Comment\",\"target\":[\"https:\/\/www.redacteur.com\/blog\/comment-choisir-sa-camera\/#respond\"]}]},{\"@type\":\"WebPage\",\"@id\":\"https:\/\/www.redacteur.com\/blog\/comment-choisir-sa-camera\/\",\"url\":\"https:\/\/www.redacteur.com\/blog\/comment-choisir-sa-camera\/\",\"name\":\"Comment choisir sa cam\u00e9ra ? - Redacteur Blog\",\"isPartOf\":{\"@id\":\"https:\/\/www.redacteur.com\/blog\/#website\"},\"datePublished\":\"2012-11-08T12:05:58+00:00\",\"description\":\"Besoin d'un camescope pour tourner une vid\u00e9o web? L'offre est vaste, voici un guide pour faire le bon choix et maitriser son budget...\",\"breadcrumb\":{\"@id\":\"https:\/\/www.redacteur.com\/blog\/comment-choisir-sa-camera\/#breadcrumb\"},\"inLanguage\":\"fr-FR\",\"potentialAction\":[{\"@type\":\"ReadAction\",\"target\":[\"https:\/\/www.redacteur.com\/blog\/comment-choisir-sa-camera\/\"]}]},{\"@type\":\"BreadcrumbList\",\"@id\":\"https:\/\/www.redacteur.com\/blog\/comment-choisir-sa-camera\/#breadcrumb\",\"itemListElement\":[{\"@type\":\"ListItem\",\"position\":1,\"name\":\"Blog\",\"item\":\"https:\/\/www.redacteur.com\/blog\/\"},{\"@type\":\"ListItem\",\"position\":2,\"name\":\"R\u00e9daction web\",\"item\":\"https:\/\/www.redacteur.com\/blog\/redaction-web\/\"},{\"@type\":\"ListItem\",\"position\":3,\"name\":\"Strat\u00e9gie \u00e9ditoriale\",\"item\":\"https:\/\/www.redacteur.com\/blog\/redaction-web\/strategie-editoriale\/\"},{\"@type\":\"ListItem\",\"position\":4,\"name\":\"Comment choisir sa cam\u00e9ra ?\"}]},{\"@type\":\"WebSite\",\"@id\":\"https:\/\/www.redacteur.com\/blog\/#website\",\"url\":\"https:\/\/www.redacteur.com\/blog\/\",\"name\":\"Redacteur.com\",\"description\":\"redacteur\",\"publisher\":{\"@id\":\"https:\/\/www.redacteur.com\/blog\/#organization\"},\"potentialAction\":[{\"@type\":\"SearchAction\",\"target\":{\"@type\":\"EntryPoint\",\"urlTemplate\":\"https:\/\/www.redacteur.com\/blog\/?s={search_term_string}\"},\"query-input\":{\"@type\":\"PropertyValueSpecification\",\"valueRequired\":true,\"valueName\":\"search_term_string\"}}],\"inLanguage\":\"fr-FR\"},{\"@type\":\"Organization\",\"@id\":\"https:\/\/www.redacteur.com\/blog\/#organization\",\"name\":\"Redacteur.com\",\"url\":\"https:\/\/www.redacteur.com\/blog\/\",\"logo\":{\"@type\":\"ImageObject\",\"inLanguage\":\"fr-FR\",\"@id\":\"https:\/\/www.redacteur.com\/blog\/#\/schema\/logo\/image\/\",\"url\":\"https:\/\/www.redacteur.com\/blog\/wp-content\/uploads\/sites\/6\/2022\/10\/logo-redacteur-blog.svg\",\"contentUrl\":\"https:\/\/www.redacteur.com\/blog\/wp-content\/uploads\/sites\/6\/2022\/10\/logo-redacteur-blog.svg\",\"width\":1,\"height\":1,\"caption\":\"Redacteur.com\"},\"image\":{\"@id\":\"https:\/\/www.redacteur.com\/blog\/#\/schema\/logo\/image\/\"},\"sameAs\":[\"https:\/\/www.facebook.com\/redacteurcom\",\"https:\/\/x.com\/Redacteurcom\",\"https:\/\/www.linkedin.com\/company\/redacteur-com\",\"https:\/\/www.youtube.com\/channel\/UCgj9ySM9xy3gdL8qBafl9Uw\/\"]},{\"@type\":\"Person\",\"@id\":\"https:\/\/www.redacteur.com\/blog\/#\/schema\/person\/33c0ef04707fbe50a096f282050bb5f2\",\"name\":\"Laura Michaud\",\"image\":{\"@type\":\"ImageObject\",\"inLanguage\":\"fr-FR\",\"@id\":\"https:\/\/www.redacteur.com\/blog\/#\/schema\/person\/image\/\",\"url\":\"https:\/\/secure.gravatar.com\/avatar\/c3328cc0c887f98cec6b2979af3311ab6333fc7cc2d4847514cfec6a56fa08a7?s=96&d=mm&r=g\",\"contentUrl\":\"https:\/\/secure.gravatar.com\/avatar\/c3328cc0c887f98cec6b2979af3311ab6333fc7cc2d4847514cfec6a56fa08a7?s=96&d=mm&r=g\",\"caption\":\"Laura Michaud\"},\"description\":\"Laura connait tous les meilleurs outils pour g\u00e9rer des projets et une entreprise. Cr\u00e9ative, c'est aussi une sp\u00e9cialiste des outils de cr\u00e9ation graphique pour faire briller une entreprise.\",\"sameAs\":[\"https:\/\/www.linkedin.com\/in\/michaudlaura\/\"],\"url\":\"https:\/\/www.redacteur.com\/blog\/author\/laura\/\"}]}<\/script>\n<!-- \/ Yoast SEO plugin. -->","yoast_head_json":{"title":"Comment choisir sa cam\u00e9ra ? - Redacteur Blog","description":"Besoin d'un camescope pour tourner une vid\u00e9o web? L'offre est vaste, voici un guide pour faire le bon choix et maitriser son budget...","robots":{"index":"index","follow":"follow","max-snippet":"max-snippet:-1","max-image-preview":"max-image-preview:large","max-video-preview":"max-video-preview:-1"},"canonical":"https:\/\/www.redacteur.com\/blog\/comment-choisir-sa-camera\/","og_locale":"fr_FR","og_type":"article","og_title":"Comment choisir sa cam\u00e9ra ? - Redacteur Blog","og_description":"Besoin d'un camescope pour tourner une vid\u00e9o web? L'offre est vaste, voici un guide pour faire le bon choix et maitriser son budget...","og_url":"https:\/\/www.redacteur.com\/blog\/comment-choisir-sa-camera\/","og_site_name":"Redacteur.com","article_publisher":"https:\/\/www.facebook.com\/redacteurcom","article_published_time":"2012-11-08T12:05:58+00:00","author":"Laura Michaud","twitter_card":"summary_large_image","twitter_creator":"@Redacteurcom","twitter_site":"@Redacteurcom","twitter_misc":{"\u00c9crit par":"Laura Michaud","Dur\u00e9e de lecture estim\u00e9e":"3 minutes"},"schema":{"@context":"https:\/\/schema.org","@graph":[{"@type":"Article","@id":"https:\/\/www.redacteur.com\/blog\/comment-choisir-sa-camera\/#article","isPartOf":{"@id":"https:\/\/www.redacteur.com\/blog\/comment-choisir-sa-camera\/"},"author":{"name":"Laura Michaud","@id":"https:\/\/www.redacteur.com\/blog\/#\/schema\/person\/33c0ef04707fbe50a096f282050bb5f2"},"headline":"Comment choisir sa cam\u00e9ra&nbsp;?","datePublished":"2012-11-08T12:05:58+00:00","mainEntityOfPage":{"@id":"https:\/\/www.redacteur.com\/blog\/comment-choisir-sa-camera\/"},"wordCount":619,"commentCount":1,"publisher":{"@id":"https:\/\/www.redacteur.com\/blog\/#organization"},"articleSection":["Strat\u00e9gie \u00e9ditoriale"],"inLanguage":"fr-FR","potentialAction":[{"@type":"CommentAction","name":"Comment","target":["https:\/\/www.redacteur.com\/blog\/comment-choisir-sa-camera\/#respond"]}]},{"@type":"WebPage","@id":"https:\/\/www.redacteur.com\/blog\/comment-choisir-sa-camera\/","url":"https:\/\/www.redacteur.com\/blog\/comment-choisir-sa-camera\/","name":"Comment choisir sa cam\u00e9ra ? - Redacteur Blog","isPartOf":{"@id":"https:\/\/www.redacteur.com\/blog\/#website"},"datePublished":"2012-11-08T12:05:58+00:00","description":"Besoin d'un camescope pour tourner une vid\u00e9o web? L'offre est vaste, voici un guide pour faire le bon choix et maitriser son budget...","breadcrumb":{"@id":"https:\/\/www.redacteur.com\/blog\/comment-choisir-sa-camera\/#breadcrumb"},"inLanguage":"fr-FR","potentialAction":[{"@type":"ReadAction","target":["https:\/\/www.redacteur.com\/blog\/comment-choisir-sa-camera\/"]}]},{"@type":"BreadcrumbList","@id":"https:\/\/www.redacteur.com\/blog\/comment-choisir-sa-camera\/#breadcrumb","itemListElement":[{"@type":"ListItem","position":1,"name":"Blog","item":"https:\/\/www.redacteur.com\/blog\/"},{"@type":"ListItem","position":2,"name":"R\u00e9daction web","item":"https:\/\/www.redacteur.com\/blog\/redaction-web\/"},{"@type":"ListItem","position":3,"name":"Strat\u00e9gie \u00e9ditoriale","item":"https:\/\/www.redacteur.com\/blog\/redaction-web\/strategie-editoriale\/"},{"@type":"ListItem","position":4,"name":"Comment choisir sa cam\u00e9ra ?"}]},{"@type":"WebSite","@id":"https:\/\/www.redacteur.com\/blog\/#website","url":"https:\/\/www.redacteur.com\/blog\/","name":"Redacteur.com","description":"redacteur","publisher":{"@id":"https:\/\/www.redacteur.com\/blog\/#organization"},"potentialAction":[{"@type":"SearchAction","target":{"@type":"EntryPoint","urlTemplate":"https:\/\/www.redacteur.com\/blog\/?s={search_term_string}"},"query-input":{"@type":"PropertyValueSpecification","valueRequired":true,"valueName":"search_term_string"}}],"inLanguage":"fr-FR"},{"@type":"Organization","@id":"https:\/\/www.redacteur.com\/blog\/#organization","name":"Redacteur.com","url":"https:\/\/www.redacteur.com\/blog\/","logo":{"@type":"ImageObject","inLanguage":"fr-FR","@id":"https:\/\/www.redacteur.com\/blog\/#\/schema\/logo\/image\/","url":"https:\/\/www.redacteur.com\/blog\/wp-content\/uploads\/sites\/6\/2022\/10\/logo-redacteur-blog.svg","contentUrl":"https:\/\/www.redacteur.com\/blog\/wp-content\/uploads\/sites\/6\/2022\/10\/logo-redacteur-blog.svg","width":1,"height":1,"caption":"Redacteur.com"},"image":{"@id":"https:\/\/www.redacteur.com\/blog\/#\/schema\/logo\/image\/"},"sameAs":["https:\/\/www.facebook.com\/redacteurcom","https:\/\/x.com\/Redacteurcom","https:\/\/www.linkedin.com\/company\/redacteur-com","https:\/\/www.youtube.com\/channel\/UCgj9ySM9xy3gdL8qBafl9Uw\/"]},{"@type":"Person","@id":"https:\/\/www.redacteur.com\/blog\/#\/schema\/person\/33c0ef04707fbe50a096f282050bb5f2","name":"Laura Michaud","image":{"@type":"ImageObject","inLanguage":"fr-FR","@id":"https:\/\/www.redacteur.com\/blog\/#\/schema\/person\/image\/","url":"https:\/\/secure.gravatar.com\/avatar\/c3328cc0c887f98cec6b2979af3311ab6333fc7cc2d4847514cfec6a56fa08a7?s=96&d=mm&r=g","contentUrl":"https:\/\/secure.gravatar.com\/avatar\/c3328cc0c887f98cec6b2979af3311ab6333fc7cc2d4847514cfec6a56fa08a7?s=96&d=mm&r=g","caption":"Laura Michaud"},"description":"Laura connait tous les meilleurs outils pour g\u00e9rer des projets et une entreprise. Cr\u00e9ative, c'est aussi une sp\u00e9cialiste des outils de cr\u00e9ation graphique pour faire briller une entreprise.","sameAs":["https:\/\/www.linkedin.com\/in\/michaudlaura\/"],"url":"https:\/\/www.redacteur.com\/blog\/author\/laura\/"}]}},"_links":{"self":[{"href":"https:\/\/www.redacteur.com\/blog\/wp-json\/wp\/v2\/posts\/5907","targetHints":{"allow":["GET"]}}],"collection":[{"href":"https:\/\/www.redacteur.com\/blog\/wp-json\/wp\/v2\/posts"}],"about":[{"href":"https:\/\/www.redacteur.com\/blog\/wp-json\/wp\/v2\/types\/post"}],"author":[{"embeddable":true,"href":"https:\/\/www.redacteur.com\/blog\/wp-json\/wp\/v2\/users\/1"}],"replies":[{"embeddable":true,"href":"https:\/\/www.redacteur.com\/blog\/wp-json\/wp\/v2\/comments?post=5907"}],"version-history":[{"count":0,"href":"https:\/\/www.redacteur.com\/blog\/wp-json\/wp\/v2\/posts\/5907\/revisions"}],"wp:attachment":[{"href":"https:\/\/www.redacteur.com\/blog\/wp-json\/wp\/v2\/media?parent=5907"}],"wp:term":[{"taxonomy":"category","embeddable":true,"href":"https:\/\/www.redacteur.com\/blog\/wp-json\/wp\/v2\/categories?post=5907"},{"taxonomy":"post_tag","embeddable":true,"href":"https:\/\/www.redacteur.com\/blog\/wp-json\/wp\/v2\/tags?post=5907"}],"curies":[{"name":"wp","href":"https:\/\/api.w.org\/{rel}","templated":true}]}}