{"id":5927,"date":"2012-11-23T16:22:13","date_gmt":"2012-11-23T14:22:13","guid":{"rendered":"https:\/\/www.redacteur.com\/blog\/?p=5927"},"modified":"2012-11-23T16:22:13","modified_gmt":"2012-11-23T14:22:13","slug":"comment-choisir-son-materiel-de-prise-de-son","status":"publish","type":"post","link":"https:\/\/www.redacteur.com\/blog\/comment-choisir-son-materiel-de-prise-de-son\/","title":{"rendered":"Comment choisir son mat\u00e9riel de prise de son&nbsp;?"},"content":{"rendered":"<p><strong>Les micros int\u00e9gr\u00e9s des cam\u00e9scopes sont tr\u00e8s limit\u00e9s. Quelques conseils pour obtenir un son de qualit\u00e9 pour vos productions de vid\u00e9o pour le web\u2026<\/strong><\/p>\n<h2>Pourquoi acheter un micro externe\u00a0?<\/h2>\n<p>Les <a title=\"Comment choisir sa cam\u00e9ra&nbsp;?\" href=\"https:\/\/www.redacteur.com\/blog\/comment-choisir-sa-camera\/\"><strong>cam\u00e9ras vid\u00e9os<\/strong><\/a> sont souvent \u00e9quip\u00e9es d\u2019un microphone mais celui-ci capte aussi bien le son ambiant que des bruit parasites d\u00e9sagr\u00e9ables. Il faut donc investir dans des <strong>microphones externes<\/strong>.\u00a0 Il en existe de nombreux types mais nous nous concentrerons sur les trois principaux qui seront d\u2019une grande aide lors de votre futur tournage.<\/p>\n<p><strong>Le Micro cravate ou Lavalier<\/strong><\/p>\n<p>Au minimum, vous aurez besoin d\u2019un<strong> micro cravate<\/strong>. Quelque soit son prix, il \u00a0est tout de m\u00eame plus efficace que le micro int\u00e9gr\u00e9 de votre cam\u00e9scope\u00a0: plac\u00e9 \u00e0 proximit\u00e9 de la bouche de l\u2019interview\u00e9, il limite la captation de bruit ambiant.<br \/>\nCot\u00e9 prix, comptez entre 20 et 80 euros pour l\u2019achat d\u2019un Lavalier.<\/p>\n<p><strong>Le micro fil<\/strong><\/p>\n<p>Pour <strong>r\u00e9aliser une interview<\/strong>, le micro fil est un choix int\u00e9ressant\u00a0: le rendu sonore est de bonne qualit\u00e9 et la prise de son est tr\u00e8s directive. Le bruit ambiant est ainsi tr\u00e8s r\u00e9duit. Il faut cependant le <strong>manipuler correctement<\/strong> pour \u00e9viter les craquements et autres bruis parasites. De plus, s\u2019il est mal dirig\u00e9, la prise de son peut en souffrir. Enfin il ne faut pas oublier que <strong>le micro apparaitra \u00e0 la cam\u00e9ra<\/strong> et que cela peut d\u00e9tourner l\u2019attention du spectateur.<br \/>\nCot\u00e9 prix, comptez entre 20 euros et 80 euros pour l\u2019achat d\u2019un micro fil. Il existe tout de m\u00eame certains mod\u00e8les hauts de gamme qui d\u00e9passent largement ces tarifs\u2026<\/p>\n<p><strong>Le micro canon<\/strong><\/p>\n<p>Le micro canon est un <strong>micro directionnel<\/strong> souvent plac\u00e9 <strong>au dessus de la cam\u00e9ra<\/strong>. Ce type de micro est utilis\u00e9 pour <strong>enregistrer des dialogues<\/strong>\u00a0: il n\u2019enregistre que les sons provenant de l\u2019avant. <strong>Attention<\/strong> tout de m\u00eame\u00a0: les basses fr\u00e9quences provenant de l\u2019arri\u00e8re peuvent tout de m\u00eame \u00eatre capt\u00e9s par ce type de microphone. Il est possible d\u2019installer un coupe vent sur un micro canon pour limiter les bruits parasites mais cela peut diminuer la directivit\u00e9.<br \/>\nCot\u00e9 prix, comptez entre 80 et 250 euros pour l\u2019achat d\u2019un micro canon.<\/p>\n<h2>Les connecteurs<\/h2>\n<p>Les microphones bon march\u00e9s disposent pour la plus part de <strong>connecteurs Jack\u00a0 3.5 ou mini Jack<\/strong> qui peuvent \u00eatre branch\u00e9s sur la plus part des camescopes.\u00a0Les micros plus hauts de gamme sont dot\u00e9s de <strong>connecteurs XLR<\/strong>. \u00a0De bien meilleure qualit\u00e9, ceux-ci n\u00e9cessitent souvent <strong>un adaptateur XLR vers Jack<\/strong> pour pouvoir \u00eatre connect\u00e9s \u00e0 un cam\u00e9scope grand public ou semi-professionnel.<br \/>\nEnfin, veillez \u00e0 utiliser des <strong>c\u00e2bles de qualit\u00e9 professionnelle<\/strong> pour \u00e9viter les parasites lors de branchements de micros \u00e0 connecteur XLR.<\/p>\n<p>Vous avez maintenant assez d\u2019\u00e9l\u00e9ments pour choisir le mat\u00e9riel de prise de son n\u00e9cessaire \u00e0 la r\u00e9alisation de vid\u00e9os pour le web. N\u2019oubliez pas d<strong>\u2019utiliser un casque<\/strong> lors de votre tournage\u00a0: vous pourrez ainsi d\u00e9tecter les possibles parasites et autres bruits d\u00e9sagr\u00e9ables.<\/p>\n<p><a title=\"Vid\u00e9o web&nbsp;: Dossier sur le mat\u00e9riel indispensable\" href=\"https:\/\/www.redacteur.com\/blog\/video-web-dossier-sur-le-materiel-indispensable\/\"><span style=\"text-decoration: underline\">Retour au sommaire du dossier<\/span><\/a><\/p>\n<p>&nbsp;<\/p>\n<p>&nbsp;<\/p>\n","protected":false},"excerpt":{"rendered":"<p>Pour obtenir un son de qualit\u00e9 pour vos productions de vid\u00e9os pour le web, mieux vos investir dans des micros externes de qualit\u00e9. Conseils pour faire le bon choix&#8230;<\/p>\n","protected":false},"author":1,"featured_media":0,"comment_status":"open","ping_status":"open","sticky":false,"template":"","format":"standard","meta":{"_acf_changed":false,"inline_featured_image":false,"footnotes":""},"categories":[14],"tags":[],"class_list":["post-5927","post","type-post","status-publish","format-standard","hentry","category-strategie-editoriale"],"acf":[],"yoast_head":"<!-- This site is optimized with the Yoast SEO plugin v25.9 - https:\/\/yoast.com\/wordpress\/plugins\/seo\/ -->\n<title>Comment choisir son mat\u00e9riel de prise de son ? - Redacteur Blog<\/title>\n<meta name=\"description\" content=\"Pour obtenir un son de qualit\u00e9 pour vos productions de vid\u00e9os pour le web, mieux vos investir dans des micros externes de qualit\u00e9. Conseils pour faire le bon choix...\" \/>\n<meta name=\"robots\" content=\"index, follow, max-snippet:-1, max-image-preview:large, max-video-preview:-1\" \/>\n<link rel=\"canonical\" href=\"https:\/\/www.redacteur.com\/blog\/comment-choisir-son-materiel-de-prise-de-son\/\" \/>\n<meta property=\"og:locale\" content=\"fr_FR\" \/>\n<meta property=\"og:type\" content=\"article\" \/>\n<meta property=\"og:title\" content=\"Comment choisir son mat\u00e9riel de prise de son ? - Redacteur Blog\" \/>\n<meta property=\"og:description\" content=\"Pour obtenir un son de qualit\u00e9 pour vos productions de vid\u00e9os pour le web, mieux vos investir dans des micros externes de qualit\u00e9. Conseils pour faire le bon choix...\" \/>\n<meta property=\"og:url\" content=\"https:\/\/www.redacteur.com\/blog\/comment-choisir-son-materiel-de-prise-de-son\/\" \/>\n<meta property=\"og:site_name\" content=\"Redacteur.com\" \/>\n<meta property=\"article:publisher\" content=\"https:\/\/www.facebook.com\/redacteurcom\" \/>\n<meta property=\"article:published_time\" content=\"2012-11-23T14:22:13+00:00\" \/>\n<meta name=\"author\" content=\"Laura Michaud\" \/>\n<meta name=\"twitter:card\" content=\"summary_large_image\" \/>\n<meta name=\"twitter:creator\" content=\"@Redacteurcom\" \/>\n<meta name=\"twitter:site\" content=\"@Redacteurcom\" \/>\n<meta name=\"twitter:label1\" content=\"\u00c9crit par\" \/>\n\t<meta name=\"twitter:data1\" content=\"Laura Michaud\" \/>\n\t<meta name=\"twitter:label2\" content=\"Dur\u00e9e de lecture estim\u00e9e\" \/>\n\t<meta name=\"twitter:data2\" content=\"3 minutes\" \/>\n<script type=\"application\/ld+json\" class=\"yoast-schema-graph\">{\"@context\":\"https:\/\/schema.org\",\"@graph\":[{\"@type\":\"Article\",\"@id\":\"https:\/\/www.redacteur.com\/blog\/comment-choisir-son-materiel-de-prise-de-son\/#article\",\"isPartOf\":{\"@id\":\"https:\/\/www.redacteur.com\/blog\/comment-choisir-son-materiel-de-prise-de-son\/\"},\"author\":{\"name\":\"Laura Michaud\",\"@id\":\"https:\/\/www.redacteur.com\/blog\/#\/schema\/person\/33c0ef04707fbe50a096f282050bb5f2\"},\"headline\":\"Comment choisir son mat\u00e9riel de prise de son&nbsp;?\",\"datePublished\":\"2012-11-23T14:22:13+00:00\",\"mainEntityOfPage\":{\"@id\":\"https:\/\/www.redacteur.com\/blog\/comment-choisir-son-materiel-de-prise-de-son\/\"},\"wordCount\":536,\"commentCount\":0,\"publisher\":{\"@id\":\"https:\/\/www.redacteur.com\/blog\/#organization\"},\"articleSection\":[\"Strat\u00e9gie \u00e9ditoriale\"],\"inLanguage\":\"fr-FR\",\"potentialAction\":[{\"@type\":\"CommentAction\",\"name\":\"Comment\",\"target\":[\"https:\/\/www.redacteur.com\/blog\/comment-choisir-son-materiel-de-prise-de-son\/#respond\"]}]},{\"@type\":\"WebPage\",\"@id\":\"https:\/\/www.redacteur.com\/blog\/comment-choisir-son-materiel-de-prise-de-son\/\",\"url\":\"https:\/\/www.redacteur.com\/blog\/comment-choisir-son-materiel-de-prise-de-son\/\",\"name\":\"Comment choisir son mat\u00e9riel de prise de son ? - Redacteur Blog\",\"isPartOf\":{\"@id\":\"https:\/\/www.redacteur.com\/blog\/#website\"},\"datePublished\":\"2012-11-23T14:22:13+00:00\",\"description\":\"Pour obtenir un son de qualit\u00e9 pour vos productions de vid\u00e9os pour le web, mieux vos investir dans des micros externes de qualit\u00e9. Conseils pour faire le bon choix...\",\"breadcrumb\":{\"@id\":\"https:\/\/www.redacteur.com\/blog\/comment-choisir-son-materiel-de-prise-de-son\/#breadcrumb\"},\"inLanguage\":\"fr-FR\",\"potentialAction\":[{\"@type\":\"ReadAction\",\"target\":[\"https:\/\/www.redacteur.com\/blog\/comment-choisir-son-materiel-de-prise-de-son\/\"]}]},{\"@type\":\"BreadcrumbList\",\"@id\":\"https:\/\/www.redacteur.com\/blog\/comment-choisir-son-materiel-de-prise-de-son\/#breadcrumb\",\"itemListElement\":[{\"@type\":\"ListItem\",\"position\":1,\"name\":\"Blog\",\"item\":\"https:\/\/www.redacteur.com\/blog\/\"},{\"@type\":\"ListItem\",\"position\":2,\"name\":\"R\u00e9daction web\",\"item\":\"https:\/\/www.redacteur.com\/blog\/redaction-web\/\"},{\"@type\":\"ListItem\",\"position\":3,\"name\":\"Strat\u00e9gie \u00e9ditoriale\",\"item\":\"https:\/\/www.redacteur.com\/blog\/redaction-web\/strategie-editoriale\/\"},{\"@type\":\"ListItem\",\"position\":4,\"name\":\"Comment choisir son mat\u00e9riel de prise de son ?\"}]},{\"@type\":\"WebSite\",\"@id\":\"https:\/\/www.redacteur.com\/blog\/#website\",\"url\":\"https:\/\/www.redacteur.com\/blog\/\",\"name\":\"Redacteur.com\",\"description\":\"redacteur\",\"publisher\":{\"@id\":\"https:\/\/www.redacteur.com\/blog\/#organization\"},\"potentialAction\":[{\"@type\":\"SearchAction\",\"target\":{\"@type\":\"EntryPoint\",\"urlTemplate\":\"https:\/\/www.redacteur.com\/blog\/?s={search_term_string}\"},\"query-input\":{\"@type\":\"PropertyValueSpecification\",\"valueRequired\":true,\"valueName\":\"search_term_string\"}}],\"inLanguage\":\"fr-FR\"},{\"@type\":\"Organization\",\"@id\":\"https:\/\/www.redacteur.com\/blog\/#organization\",\"name\":\"Redacteur.com\",\"url\":\"https:\/\/www.redacteur.com\/blog\/\",\"logo\":{\"@type\":\"ImageObject\",\"inLanguage\":\"fr-FR\",\"@id\":\"https:\/\/www.redacteur.com\/blog\/#\/schema\/logo\/image\/\",\"url\":\"https:\/\/www.redacteur.com\/blog\/wp-content\/uploads\/sites\/6\/2022\/10\/logo-redacteur-blog.svg\",\"contentUrl\":\"https:\/\/www.redacteur.com\/blog\/wp-content\/uploads\/sites\/6\/2022\/10\/logo-redacteur-blog.svg\",\"width\":1,\"height\":1,\"caption\":\"Redacteur.com\"},\"image\":{\"@id\":\"https:\/\/www.redacteur.com\/blog\/#\/schema\/logo\/image\/\"},\"sameAs\":[\"https:\/\/www.facebook.com\/redacteurcom\",\"https:\/\/x.com\/Redacteurcom\",\"https:\/\/www.linkedin.com\/company\/redacteur-com\",\"https:\/\/www.youtube.com\/channel\/UCgj9ySM9xy3gdL8qBafl9Uw\/\"]},{\"@type\":\"Person\",\"@id\":\"https:\/\/www.redacteur.com\/blog\/#\/schema\/person\/33c0ef04707fbe50a096f282050bb5f2\",\"name\":\"Laura Michaud\",\"image\":{\"@type\":\"ImageObject\",\"inLanguage\":\"fr-FR\",\"@id\":\"https:\/\/www.redacteur.com\/blog\/#\/schema\/person\/image\/\",\"url\":\"https:\/\/secure.gravatar.com\/avatar\/c3328cc0c887f98cec6b2979af3311ab6333fc7cc2d4847514cfec6a56fa08a7?s=96&d=mm&r=g\",\"contentUrl\":\"https:\/\/secure.gravatar.com\/avatar\/c3328cc0c887f98cec6b2979af3311ab6333fc7cc2d4847514cfec6a56fa08a7?s=96&d=mm&r=g\",\"caption\":\"Laura Michaud\"},\"description\":\"Laura connait tous les meilleurs outils pour g\u00e9rer des projets et une entreprise. Cr\u00e9ative, c'est aussi une sp\u00e9cialiste des outils de cr\u00e9ation graphique pour faire briller une entreprise.\",\"sameAs\":[\"https:\/\/www.linkedin.com\/in\/michaudlaura\/\"],\"url\":\"https:\/\/www.redacteur.com\/blog\/author\/laura\/\"}]}<\/script>\n<!-- \/ Yoast SEO plugin. -->","yoast_head_json":{"title":"Comment choisir son mat\u00e9riel de prise de son ? - Redacteur Blog","description":"Pour obtenir un son de qualit\u00e9 pour vos productions de vid\u00e9os pour le web, mieux vos investir dans des micros externes de qualit\u00e9. Conseils pour faire le bon choix...","robots":{"index":"index","follow":"follow","max-snippet":"max-snippet:-1","max-image-preview":"max-image-preview:large","max-video-preview":"max-video-preview:-1"},"canonical":"https:\/\/www.redacteur.com\/blog\/comment-choisir-son-materiel-de-prise-de-son\/","og_locale":"fr_FR","og_type":"article","og_title":"Comment choisir son mat\u00e9riel de prise de son ? - Redacteur Blog","og_description":"Pour obtenir un son de qualit\u00e9 pour vos productions de vid\u00e9os pour le web, mieux vos investir dans des micros externes de qualit\u00e9. Conseils pour faire le bon choix...","og_url":"https:\/\/www.redacteur.com\/blog\/comment-choisir-son-materiel-de-prise-de-son\/","og_site_name":"Redacteur.com","article_publisher":"https:\/\/www.facebook.com\/redacteurcom","article_published_time":"2012-11-23T14:22:13+00:00","author":"Laura Michaud","twitter_card":"summary_large_image","twitter_creator":"@Redacteurcom","twitter_site":"@Redacteurcom","twitter_misc":{"\u00c9crit par":"Laura Michaud","Dur\u00e9e de lecture estim\u00e9e":"3 minutes"},"schema":{"@context":"https:\/\/schema.org","@graph":[{"@type":"Article","@id":"https:\/\/www.redacteur.com\/blog\/comment-choisir-son-materiel-de-prise-de-son\/#article","isPartOf":{"@id":"https:\/\/www.redacteur.com\/blog\/comment-choisir-son-materiel-de-prise-de-son\/"},"author":{"name":"Laura Michaud","@id":"https:\/\/www.redacteur.com\/blog\/#\/schema\/person\/33c0ef04707fbe50a096f282050bb5f2"},"headline":"Comment choisir son mat\u00e9riel de prise de son&nbsp;?","datePublished":"2012-11-23T14:22:13+00:00","mainEntityOfPage":{"@id":"https:\/\/www.redacteur.com\/blog\/comment-choisir-son-materiel-de-prise-de-son\/"},"wordCount":536,"commentCount":0,"publisher":{"@id":"https:\/\/www.redacteur.com\/blog\/#organization"},"articleSection":["Strat\u00e9gie \u00e9ditoriale"],"inLanguage":"fr-FR","potentialAction":[{"@type":"CommentAction","name":"Comment","target":["https:\/\/www.redacteur.com\/blog\/comment-choisir-son-materiel-de-prise-de-son\/#respond"]}]},{"@type":"WebPage","@id":"https:\/\/www.redacteur.com\/blog\/comment-choisir-son-materiel-de-prise-de-son\/","url":"https:\/\/www.redacteur.com\/blog\/comment-choisir-son-materiel-de-prise-de-son\/","name":"Comment choisir son mat\u00e9riel de prise de son ? - Redacteur Blog","isPartOf":{"@id":"https:\/\/www.redacteur.com\/blog\/#website"},"datePublished":"2012-11-23T14:22:13+00:00","description":"Pour obtenir un son de qualit\u00e9 pour vos productions de vid\u00e9os pour le web, mieux vos investir dans des micros externes de qualit\u00e9. Conseils pour faire le bon choix...","breadcrumb":{"@id":"https:\/\/www.redacteur.com\/blog\/comment-choisir-son-materiel-de-prise-de-son\/#breadcrumb"},"inLanguage":"fr-FR","potentialAction":[{"@type":"ReadAction","target":["https:\/\/www.redacteur.com\/blog\/comment-choisir-son-materiel-de-prise-de-son\/"]}]},{"@type":"BreadcrumbList","@id":"https:\/\/www.redacteur.com\/blog\/comment-choisir-son-materiel-de-prise-de-son\/#breadcrumb","itemListElement":[{"@type":"ListItem","position":1,"name":"Blog","item":"https:\/\/www.redacteur.com\/blog\/"},{"@type":"ListItem","position":2,"name":"R\u00e9daction web","item":"https:\/\/www.redacteur.com\/blog\/redaction-web\/"},{"@type":"ListItem","position":3,"name":"Strat\u00e9gie \u00e9ditoriale","item":"https:\/\/www.redacteur.com\/blog\/redaction-web\/strategie-editoriale\/"},{"@type":"ListItem","position":4,"name":"Comment choisir son mat\u00e9riel de prise de son ?"}]},{"@type":"WebSite","@id":"https:\/\/www.redacteur.com\/blog\/#website","url":"https:\/\/www.redacteur.com\/blog\/","name":"Redacteur.com","description":"redacteur","publisher":{"@id":"https:\/\/www.redacteur.com\/blog\/#organization"},"potentialAction":[{"@type":"SearchAction","target":{"@type":"EntryPoint","urlTemplate":"https:\/\/www.redacteur.com\/blog\/?s={search_term_string}"},"query-input":{"@type":"PropertyValueSpecification","valueRequired":true,"valueName":"search_term_string"}}],"inLanguage":"fr-FR"},{"@type":"Organization","@id":"https:\/\/www.redacteur.com\/blog\/#organization","name":"Redacteur.com","url":"https:\/\/www.redacteur.com\/blog\/","logo":{"@type":"ImageObject","inLanguage":"fr-FR","@id":"https:\/\/www.redacteur.com\/blog\/#\/schema\/logo\/image\/","url":"https:\/\/www.redacteur.com\/blog\/wp-content\/uploads\/sites\/6\/2022\/10\/logo-redacteur-blog.svg","contentUrl":"https:\/\/www.redacteur.com\/blog\/wp-content\/uploads\/sites\/6\/2022\/10\/logo-redacteur-blog.svg","width":1,"height":1,"caption":"Redacteur.com"},"image":{"@id":"https:\/\/www.redacteur.com\/blog\/#\/schema\/logo\/image\/"},"sameAs":["https:\/\/www.facebook.com\/redacteurcom","https:\/\/x.com\/Redacteurcom","https:\/\/www.linkedin.com\/company\/redacteur-com","https:\/\/www.youtube.com\/channel\/UCgj9ySM9xy3gdL8qBafl9Uw\/"]},{"@type":"Person","@id":"https:\/\/www.redacteur.com\/blog\/#\/schema\/person\/33c0ef04707fbe50a096f282050bb5f2","name":"Laura Michaud","image":{"@type":"ImageObject","inLanguage":"fr-FR","@id":"https:\/\/www.redacteur.com\/blog\/#\/schema\/person\/image\/","url":"https:\/\/secure.gravatar.com\/avatar\/c3328cc0c887f98cec6b2979af3311ab6333fc7cc2d4847514cfec6a56fa08a7?s=96&d=mm&r=g","contentUrl":"https:\/\/secure.gravatar.com\/avatar\/c3328cc0c887f98cec6b2979af3311ab6333fc7cc2d4847514cfec6a56fa08a7?s=96&d=mm&r=g","caption":"Laura Michaud"},"description":"Laura connait tous les meilleurs outils pour g\u00e9rer des projets et une entreprise. Cr\u00e9ative, c'est aussi une sp\u00e9cialiste des outils de cr\u00e9ation graphique pour faire briller une entreprise.","sameAs":["https:\/\/www.linkedin.com\/in\/michaudlaura\/"],"url":"https:\/\/www.redacteur.com\/blog\/author\/laura\/"}]}},"_links":{"self":[{"href":"https:\/\/www.redacteur.com\/blog\/wp-json\/wp\/v2\/posts\/5927","targetHints":{"allow":["GET"]}}],"collection":[{"href":"https:\/\/www.redacteur.com\/blog\/wp-json\/wp\/v2\/posts"}],"about":[{"href":"https:\/\/www.redacteur.com\/blog\/wp-json\/wp\/v2\/types\/post"}],"author":[{"embeddable":true,"href":"https:\/\/www.redacteur.com\/blog\/wp-json\/wp\/v2\/users\/1"}],"replies":[{"embeddable":true,"href":"https:\/\/www.redacteur.com\/blog\/wp-json\/wp\/v2\/comments?post=5927"}],"version-history":[{"count":0,"href":"https:\/\/www.redacteur.com\/blog\/wp-json\/wp\/v2\/posts\/5927\/revisions"}],"wp:attachment":[{"href":"https:\/\/www.redacteur.com\/blog\/wp-json\/wp\/v2\/media?parent=5927"}],"wp:term":[{"taxonomy":"category","embeddable":true,"href":"https:\/\/www.redacteur.com\/blog\/wp-json\/wp\/v2\/categories?post=5927"},{"taxonomy":"post_tag","embeddable":true,"href":"https:\/\/www.redacteur.com\/blog\/wp-json\/wp\/v2\/tags?post=5927"}],"curies":[{"name":"wp","href":"https:\/\/api.w.org\/{rel}","templated":true}]}}