{"id":5990,"date":"2023-04-26T10:50:00","date_gmt":"2023-04-26T08:50:00","guid":{"rendered":"https:\/\/www.redacteur.com\/blog\/?p=5990"},"modified":"2023-04-26T10:50:00","modified_gmt":"2023-04-26T08:50:00","slug":"elaborer-projet-de-video-pour-le-web","status":"publish","type":"post","link":"https:\/\/www.redacteur.com\/blog\/elaborer-projet-de-video-pour-le-web\/","title":{"rendered":"\u00c9laborer votre projet vid\u00e9o avec 6 r\u00e8gles d\u2019or et 8 outils"},"content":{"rendered":"<p>Nous le r\u00e9p\u00e9tons tr\u00e8s souvent sur ce blog, la vid\u00e9o est un format tr\u00e8s efficace&nbsp;: c&#8217;est un contenu web appr\u00e9ci\u00e9 des internautes, qui se partage facilement et qui peut faire d\u00e9coller vos ventes. C&#8217;est sans nul doute le format le plus populaires de ces cinq derni\u00e8res ann\u00e9es.<\/p>\n<p>Si vous souhaitez vous lancer dans la vid\u00e9o, vous aurez peut-\u00eatre besoin de r\u00e9diger un script ou des dialogues pour vos vid\u00e9os. Faites appel \u00e0 un <a href=\"https:\/\/www.redacteur.com\/\">r\u00e9dacteur<\/a> qualifi\u00e9 pour toutes vos r\u00e9dactions.<\/p>\n<p>Vous r\u00eavez de devenir vid\u00e9aste et de voir vos cr\u00e9ations diffus\u00e9es sur le web&nbsp;? Voici quelques conseils pour \u00e9laborer votre projet vid\u00e9o\u2026<\/p>\n<h2>Les 6 r\u00e8gles d&#8217;or pour votre projet vid\u00e9o<\/h2>\n<h3>1. Trouver une id\u00e9e originale<\/h3>\n<p>Pour commencer, il convient d\u2019avoir une id\u00e9e originale pour se d\u00e9marquer des <a href=\"https:\/\/www.redacteur.com\/blog\/ecrire-pour-jeux-video\/\" target=\"_blank\" rel=\"noopener noreferrer\">vid\u00e9os<\/a> concurrentes qui foisonnent sur la toile.<\/p>\n<p>Plusieurs types de productions vid\u00e9os peuvent \u00eatre envisag\u00e9s&nbsp;:<\/p>\n<ul>\n<li>Filmer un \u00e9v\u00e9nement ;<\/li>\n<li>Faire un micro-trottoir sur un th\u00e8me qui vous tient \u00e0 c\u0153ur ;<\/li>\n<li><a href=\"https:\/\/www.redacteur.com\/blog\/reussir-interview-creer-contenu\/\">Faire une interview<\/a> ;<\/li>\n<li>Cr\u00e9er une vid\u00e9o d\u2019autoformation ;<\/li>\n<li>Tutoriels d&#8217;utilisation &#8220;comment utiliser&#8230;?&#8221; ;<\/li>\n<li>Pr\u00e9sentation d&#8217;une gamme de produit ;<\/li>\n<li>Pr\u00e9sentation produits \/ services ;<\/li>\n<li>Test produit ;<\/li>\n<li>Pr\u00e9sentation et mise en valeur du savoir-faire d&#8217;une marque ;<\/li>\n<li>T\u00e9moignage utilisateur&#8230;<\/li>\n<\/ul>\n<p><img decoding=\"async\" class=\"aligncenter wp-image-19994 size-full\" src=\"https:\/\/www.redacteur.com\/blog\/wp-content\/uploads\/sites\/6\/2012\/11\/ordi.jpg\" alt=\"ordinateur video\" width=\"700\" height=\"467\" srcset=\"https:\/\/www.redacteur.com\/blog\/wp-content\/uploads\/sites\/6\/2012\/11\/ordi.jpg 700w, https:\/\/www.redacteur.com\/blog\/wp-content\/uploads\/sites\/6\/2012\/11\/ordi-300x200.jpg 300w, https:\/\/www.redacteur.com\/blog\/wp-content\/uploads\/sites\/6\/2012\/11\/ordi-60x40.jpg 60w, https:\/\/www.redacteur.com\/blog\/wp-content\/uploads\/sites\/6\/2012\/11\/ordi-370x247.jpg 370w, https:\/\/www.redacteur.com\/blog\/wp-content\/uploads\/sites\/6\/2012\/11\/ordi-270x180.jpg 270w, https:\/\/www.redacteur.com\/blog\/wp-content\/uploads\/sites\/6\/2012\/11\/ordi-570x380.jpg 570w\" sizes=\"(max-width: 700px) 100vw, 700px\" \/><\/p>\n<h3>2. \u00c9laborer un sc\u00e9nario<\/h3>\n<p>Une fois que votre id\u00e9e aura \u00e9merg\u00e9e, vous devrez pr\u00e9ciser votre projet, lui donner une vision.<\/p>\n<p>D\u00e8s le d\u00e9but, il faudra penser aux contraintes propres \u00e0 la vid\u00e9o web et aussi anticiper le montage vid\u00e9o. Vous allez donc pouvoir \u00e9tablir un story-board pour r\u00e9fl\u00e9chir aux plans dont vous aurez besoin avant de tourner.<\/p>\n<blockquote><p><a href=\"https:\/\/graphiste.com\/blog\/creer-storyboard-videos-5-etapes\">Le storyboard<\/a> est le maquettage du sc\u00e9nario. Il contient l\u2019ensemble des \u00e9l\u00e9ments visuels qui seront n\u00e9cessaires au montage.<\/p><\/blockquote>\n<p>Cette \u00e9tape n\u00e9cessite une corr\u00e9lation entre l\u2019id\u00e9e que le porteur de projet a en t\u00eate et la perception du message par l\u2019\u00e9quipe en charge du projet. Il s\u2019agit donc d\u2019un travail de longue haleine.<\/p>\n<blockquote><p>Il est essentiel de communiquer au maximum avec votre client pour \u00e9viter la mauvaise compr\u00e9hension d\u2018une partie, une retranscription incompl\u00e8te ou fausse, une ind\u00e9cision du client&#8230; De fait, il convient de trouver l\u2019origine du probl\u00e8me et d\u2019y rem\u00e9dier au plus vite pour la bonne r\u00e9alisation du projet.<\/p><\/blockquote>\n<p><img decoding=\"async\" class=\"aligncenter wp-image-19995 size-full\" src=\"https:\/\/www.redacteur.com\/blog\/wp-content\/uploads\/sites\/6\/2012\/11\/storyboard.jpg\" alt=\"storyboard\" width=\"700\" height=\"467\" srcset=\"https:\/\/www.redacteur.com\/blog\/wp-content\/uploads\/sites\/6\/2012\/11\/storyboard.jpg 700w, https:\/\/www.redacteur.com\/blog\/wp-content\/uploads\/sites\/6\/2012\/11\/storyboard-300x200.jpg 300w, https:\/\/www.redacteur.com\/blog\/wp-content\/uploads\/sites\/6\/2012\/11\/storyboard-60x40.jpg 60w, https:\/\/www.redacteur.com\/blog\/wp-content\/uploads\/sites\/6\/2012\/11\/storyboard-370x247.jpg 370w, https:\/\/www.redacteur.com\/blog\/wp-content\/uploads\/sites\/6\/2012\/11\/storyboard-270x180.jpg 270w, https:\/\/www.redacteur.com\/blog\/wp-content\/uploads\/sites\/6\/2012\/11\/storyboard-570x380.jpg 570w\" sizes=\"(max-width: 700px) 100vw, 700px\" \/><\/p>\n<blockquote><p>\u00c0 lire aussi&nbsp;: <a href=\"https:\/\/www.redacteur.com\/blog\/rediger-script-video\/\">Comment r\u00e9diger un bon script vid\u00e9o&nbsp;?<\/a><\/p><\/blockquote>\n<h3>3. Planifier le tournage<\/h3>\n<p>Vous pourrez par la suite \u00e9valuer la dur\u00e9e du tournage, planifier les prises de vue et \u00e9valuer les contraintes du tournage. Un planning clair et pr\u00e9cis ne pourra que vous faire gagner du temps durant le tournage.<\/p>\n<p>Apr\u00e8s cela, vous pourrez \u00e9laborer un planning vous permettant de gagner en efficacit\u00e9 le jour J.<\/p>\n<blockquote><p>\u00c0 lire aussi&nbsp;: <a href=\"https:\/\/www.redacteur.com\/blog\/video-faire-propres-tutoriels-marketing\/\">Vid\u00e9o&nbsp;: Pourquoi faire vos propres tutos marketing&nbsp;?<\/a><\/p><\/blockquote>\n<h3>4. Pr\u00e9parer le mat\u00e9riel<\/h3>\n<p><img decoding=\"async\" class=\"aligncenter wp-image-19996 size-full\" src=\"https:\/\/www.redacteur.com\/blog\/wp-content\/uploads\/sites\/6\/2012\/11\/photo.jpg\" alt=\"photographie\" width=\"700\" height=\"467\" srcset=\"https:\/\/www.redacteur.com\/blog\/wp-content\/uploads\/sites\/6\/2012\/11\/photo.jpg 700w, https:\/\/www.redacteur.com\/blog\/wp-content\/uploads\/sites\/6\/2012\/11\/photo-300x200.jpg 300w, https:\/\/www.redacteur.com\/blog\/wp-content\/uploads\/sites\/6\/2012\/11\/photo-60x40.jpg 60w, https:\/\/www.redacteur.com\/blog\/wp-content\/uploads\/sites\/6\/2012\/11\/photo-370x247.jpg 370w, https:\/\/www.redacteur.com\/blog\/wp-content\/uploads\/sites\/6\/2012\/11\/photo-270x180.jpg 270w, https:\/\/www.redacteur.com\/blog\/wp-content\/uploads\/sites\/6\/2012\/11\/photo-570x380.jpg 570w\" sizes=\"(max-width: 700px) 100vw, 700px\" \/><\/p>\n<p>En fonction des contraintes du tournage et des prises de vues \u00e0 effectuer, vous pourrez pr\u00e9parer le mat\u00e9riel n\u00e9cessaire.<\/p>\n<p>Aurez-vous besoin d\u2019une ou de plusieurs cam\u00e9ras&nbsp;? Un tr\u00e9pied sera s\u00fbrement n\u00e9cessaire. De combien et de quel type de micros avez-vous besoin&nbsp;? Quel \u00e9clairage sera le plus adapt\u00e9&nbsp;?<\/p>\n<p>Ce sont autant de questions indispensables qui permettent de ne rien oublier le jour du tournage et de prendre un maximum de plans avec la meilleure qualit\u00e9 possible.<\/p>\n<blockquote><p>\u00c0 lire aussi&nbsp;: <a href=\"https:\/\/www.redacteur.com\/blog\/video-web-dossier-sur-le-materiel-indispensable\/\">Vid\u00e9o Web&nbsp;: Dossier sur le mat\u00e9riel indispensable<\/a><\/p><\/blockquote>\n<h3>5. R\u00e9aliser le montage vid\u00e9o<\/h3>\n<p>Apr\u00e8s le tournage, il faudra penser \u00e0 monter votre vid\u00e9o pour qu\u2019elle soit dynamique et agr\u00e9able \u00e0 regarder. Pour cela, il convient de bien choisir son logiciel de montage vid\u00e9o.<\/p>\n<p>Il existe de nombreux logiciels, du gratuit \u00e0 l&#8217;acc\u00e8s limit\u00e9 au logiciel professionnel, plus complet mais payant. Voici une liste de quelques logiciels&nbsp;:<\/p>\n<ul>\n<li><a href=\"https:\/\/filmora.wondershare.net\/fr\/?source=redacteur-com-blog&amp;utm_source=redacteur-com-blog\" target=\"_blank\" rel=\"nofollow noopener noreferrer\">Filmora<\/a><\/li>\n<li><a href=\"https:\/\/www.blackmagicdesign.com\/fr\/products\/davinciresolve\/?source=redacteur-com-blog&amp;utm_source=redacteur-com-blog\" target=\"_blank\" rel=\"nofollow noopener noreferrer\">DaVinci Resolve<\/a><\/li>\n<li><a href=\"https:\/\/www.apple.com\/fr\/imovie\/?source=redacteur-com-blog&amp;utm_source=redacteur-com-blog\" target=\"_blank\" rel=\"nofollow noopener noreferrer\">iMovie<\/a><\/li>\n<li><a href=\"http:\/\/www.videosoftdev.com\/fr\/free-video-editor\/?source=redacteur-com-blog&amp;utm_source=redacteur-com-blog\" target=\"_blank\" rel=\"nofollow noopener noreferrer\">VSDC<\/a><\/li>\n<\/ul>\n<blockquote><p>\u00c0 lire aussi&nbsp;:&nbsp;<a href=\"https:\/\/www.codeur.com\/blog\/logiciel-montage-video-gratuit\/\">D\u00e9couvrez de nombreux autres logiciels de montage vid\u00e9o<\/a><\/p><\/blockquote>\n<p><img decoding=\"async\" class=\"aligncenter wp-image-19997 size-full\" src=\"https:\/\/www.redacteur.com\/blog\/wp-content\/uploads\/sites\/6\/2012\/11\/script.jpg\" alt=\"script video\" width=\"700\" height=\"1050\" srcset=\"https:\/\/www.redacteur.com\/blog\/wp-content\/uploads\/sites\/6\/2012\/11\/script.jpg 700w, https:\/\/www.redacteur.com\/blog\/wp-content\/uploads\/sites\/6\/2012\/11\/script-200x300.jpg 200w, https:\/\/www.redacteur.com\/blog\/wp-content\/uploads\/sites\/6\/2012\/11\/script-683x1024.jpg 683w, https:\/\/www.redacteur.com\/blog\/wp-content\/uploads\/sites\/6\/2012\/11\/script-40x60.jpg 40w, https:\/\/www.redacteur.com\/blog\/wp-content\/uploads\/sites\/6\/2012\/11\/script-370x555.jpg 370w, https:\/\/www.redacteur.com\/blog\/wp-content\/uploads\/sites\/6\/2012\/11\/script-270x405.jpg 270w, https:\/\/www.redacteur.com\/blog\/wp-content\/uploads\/sites\/6\/2012\/11\/script-570x855.jpg 570w\" sizes=\"(max-width: 700px) 100vw, 700px\" \/><\/p>\n<h3>6. Publier la vid\u00e9o<\/h3>\n<p>Votre projet de vid\u00e9o pour le web touche \u00e0 sa fin et votre superbe vid\u00e9o est pr\u00eate. L\u2019heure de la publication est venue et il faut donc maintenant compresser votre vid\u00e9o et choisir votre ou vos h\u00e9bergeurs de contenus. YouTube, Vim\u00e9o et DailyMotion sont les plus connus, mais il en existe de nombreux autres (Facebook, Tik Tok, etc).<\/p>\n<p>Pour vous aider, voici 3 sites de compresseurs de vid\u00e9o en ligne&nbsp;:<\/p>\n<ul>\n<li><a href=\"https:\/\/www.zamzar.com\/?source=redacteur-com-blog&amp;utm_source=redacteur-com-blog\" target=\"_blank\" rel=\"nofollow noopener noreferrer\">Zamzar.com<\/a><\/li>\n<li><a href=\"https:\/\/cloudconvert.com\/?source=redacteur-com-blog&amp;utm_source=redacteur-com-blog\" target=\"_blank\" rel=\"nofollow noopener noreferrer\">Cloudconvert<\/a><\/li>\n<li><a href=\"https:\/\/www.convertfiles.com\/?source=redacteur-com-blog&amp;utm_source=redacteur-com-blog\" target=\"_blank\" rel=\"nofollow noopener noreferrer\">Convertfiles<\/a><\/li>\n<\/ul>\n<p><img decoding=\"async\" class=\"aligncenter wp-image-19998 size-full\" src=\"https:\/\/www.redacteur.com\/blog\/wp-content\/uploads\/sites\/6\/2012\/11\/youtube.jpg\" alt=\"YouTube\" width=\"700\" height=\"467\" srcset=\"https:\/\/www.redacteur.com\/blog\/wp-content\/uploads\/sites\/6\/2012\/11\/youtube.jpg 700w, https:\/\/www.redacteur.com\/blog\/wp-content\/uploads\/sites\/6\/2012\/11\/youtube-300x200.jpg 300w, https:\/\/www.redacteur.com\/blog\/wp-content\/uploads\/sites\/6\/2012\/11\/youtube-60x40.jpg 60w, https:\/\/www.redacteur.com\/blog\/wp-content\/uploads\/sites\/6\/2012\/11\/youtube-370x247.jpg 370w, https:\/\/www.redacteur.com\/blog\/wp-content\/uploads\/sites\/6\/2012\/11\/youtube-270x180.jpg 270w, https:\/\/www.redacteur.com\/blog\/wp-content\/uploads\/sites\/6\/2012\/11\/youtube-570x380.jpg 570w\" sizes=\"(max-width: 700px) 100vw, 700px\" \/><\/p>\n<h2>Les 8 outils pour la cr\u00e9ation de vos vid\u00e9os<\/h2>\n<p>Parce que les <a href=\"https:\/\/www.redacteur.com\/blog\/integrer-video-content-marketing\/\" target=\"_blank\" rel=\"noopener noreferrer\">raisons d&#8217;int\u00e9grer la vid\u00e9o<\/a> \u00e0 votre strat\u00e9gie de contenu marketing sont nombreuses, voici 8 outils gratuits qui vous aideront \u00e0 r\u00e9aliser des vid\u00e9os de qualit\u00e9 pour votre site web ou vos blogs.<\/p>\n<h2>Des outils pour vos tutos vid\u00e9os<\/h2>\n<h3>1. CamStudio<\/h3>\n<p><img decoding=\"async\" class=\" size-full wp-image-799 aligncenter\" src=\"https:\/\/www.redacteur.com\/blog\/wp-content\/uploads\/sites\/6\/2015\/08\/screenshot77.jpg\" alt=\"Camstudio\" width=\"682\" height=\"170\" srcset=\"https:\/\/www.redacteur.com\/blog\/wp-content\/uploads\/sites\/6\/2015\/08\/screenshot77.jpg 682w, https:\/\/www.redacteur.com\/blog\/wp-content\/uploads\/sites\/6\/2015\/08\/screenshot77-300x75.jpg 300w, https:\/\/www.redacteur.com\/blog\/wp-content\/uploads\/sites\/6\/2015\/08\/screenshot77-60x15.jpg 60w, https:\/\/www.redacteur.com\/blog\/wp-content\/uploads\/sites\/6\/2015\/08\/screenshot77-370x92.jpg 370w, https:\/\/www.redacteur.com\/blog\/wp-content\/uploads\/sites\/6\/2015\/08\/screenshot77-270x67.jpg 270w, https:\/\/www.redacteur.com\/blog\/wp-content\/uploads\/sites\/6\/2015\/08\/screenshot77-570x142.jpg 570w\" sizes=\"(max-width: 682px) 100vw, 682px\" \/><\/p>\n<p><a href=\"https:\/\/camstudio.org\/?source=redacteur-com-blog&amp;utm_source=redacteur-com-blog\" target=\"_blank\" rel=\"nofollow noopener noreferrer\">CamStudio<\/a> est le logiciel de r\u00e9f\u00e9rence d&#8217;enregistrement d&#8217;\u00e9cran pour la cr\u00e9ation de tutoriels vid\u00e9os. Il propose de multiples fonctions&nbsp;:<\/p>\n<ul>\n<li>Enregistrement de votre activit\u00e9 sur ordinateur ;<\/li>\n<li>Enregistrement du son ;<\/li>\n<li>Enregistrement d&#8217;\u00e9cran&nbsp;: full-screen ou juste une partie choisie ;<\/li>\n<li>Modification de la qualit\u00e9 en fonction de l&#8217;usage et du poids souhait\u00e9.<\/li>\n<\/ul>\n<p>Le tout est gratuit, avec une prise en main simple et rapide du logiciel.<\/p>\n<p>Son seul d\u00e9faut&nbsp;: il n&#8217;est disponible que sous Windows.<\/p>\n<h3>2. Apowersoft<\/h3>\n<p><img decoding=\"async\" class=\"aligncenter wp-image-36981 size-full\" src=\"https:\/\/www.redacteur.com\/blog\/wp-content\/uploads\/sites\/6\/2021\/11\/Capture-decran-2023-04-24-a-11.45.54.png\" alt=\"\" width=\"3332\" height=\"1592\" srcset=\"https:\/\/www.redacteur.com\/blog\/wp-content\/uploads\/sites\/6\/2021\/11\/Capture-decran-2023-04-24-a-11.45.54.png 2560w, https:\/\/www.redacteur.com\/blog\/wp-content\/uploads\/sites\/6\/2021\/11\/Capture-decran-2023-04-24-a-11.45.54-300x143.png 300w, https:\/\/www.redacteur.com\/blog\/wp-content\/uploads\/sites\/6\/2021\/11\/Capture-decran-2023-04-24-a-11.45.54-1024x489.png 1024w, https:\/\/www.redacteur.com\/blog\/wp-content\/uploads\/sites\/6\/2021\/11\/Capture-decran-2023-04-24-a-11.45.54-768x367.png 768w, https:\/\/www.redacteur.com\/blog\/wp-content\/uploads\/sites\/6\/2021\/11\/Capture-decran-2023-04-24-a-11.45.54-1536x734.png 1536w, https:\/\/www.redacteur.com\/blog\/wp-content\/uploads\/sites\/6\/2021\/11\/Capture-decran-2023-04-24-a-11.45.54-2048x979.png 2048w, https:\/\/www.redacteur.com\/blog\/wp-content\/uploads\/sites\/6\/2021\/11\/Capture-decran-2023-04-24-a-11.45.54-60x29.png 60w, https:\/\/www.redacteur.com\/blog\/wp-content\/uploads\/sites\/6\/2021\/11\/Capture-decran-2023-04-24-a-11.45.54-370x177.png 370w, https:\/\/www.redacteur.com\/blog\/wp-content\/uploads\/sites\/6\/2021\/11\/Capture-decran-2023-04-24-a-11.45.54-270x129.png 270w, https:\/\/www.redacteur.com\/blog\/wp-content\/uploads\/sites\/6\/2021\/11\/Capture-decran-2023-04-24-a-11.45.54-570x272.png 570w, https:\/\/www.redacteur.com\/blog\/wp-content\/uploads\/sites\/6\/2021\/11\/Capture-decran-2023-04-24-a-11.45.54-740x354.png 740w\" sizes=\"(max-width: 3332px) 100vw, 3332px\" \/><\/p>\n<p><a href=\"https:\/\/www.apowersoft.fr\/apowersoft-enregistreur-decran-gratuit\/?source=redacteur-com-blog&amp;utm_source=redacteur-com-blog\" target=\"_blank\" rel=\"nofollow noopener noreferrer\">Apowersoft<\/a> est un logiciel sp\u00e9cialement d\u00e9di\u00e9 aux Mac et n&#8217;est autre que l&#8217;\u00e9quivalent de CamStudio. Il vous propose aussi de nombreuses fonctionnalit\u00e9s&nbsp;:<\/p>\n<ul>\n<li>S\u00e9lection de la r\u00e9gion de l&#8217;\u00e9cran \u00e0 enregistrer ;<\/li>\n<li>S\u00e9lection de l&#8217;entr\u00e9e audio&nbsp;: microphone, syst\u00e8me son ou microphone et syst\u00e8me son ;<\/li>\n<li>Possibilit\u00e9 de convertir les vid\u00e9os dans de nombreux formats (AVI, MKV, WMV&#8230;) adapt\u00e9s aux diff\u00e9rents supports (TV, mobile, DVD) ;<\/li>\n<li>Qualit\u00e9 HD de 720p \u00e0 1080p.<\/li>\n<\/ul>\n<p>Un logiciel tr\u00e8s complet et facile d&#8217;utilisation.<\/p>\n<h3>3. ScreenFlow&nbsp;: la base sur MAC<\/h3>\n<p><img decoding=\"async\" class=\"aligncenter wp-image-36985 size-full\" src=\"https:\/\/www.redacteur.com\/blog\/wp-content\/uploads\/sites\/6\/2021\/11\/ScreenFlow-Laptop.png\" alt=\"\" width=\"1718\" height=\"996\" srcset=\"https:\/\/www.redacteur.com\/blog\/wp-content\/uploads\/sites\/6\/2021\/11\/ScreenFlow-Laptop.png 1718w, https:\/\/www.redacteur.com\/blog\/wp-content\/uploads\/sites\/6\/2021\/11\/ScreenFlow-Laptop-300x174.png 300w, https:\/\/www.redacteur.com\/blog\/wp-content\/uploads\/sites\/6\/2021\/11\/ScreenFlow-Laptop-1024x594.png 1024w, https:\/\/www.redacteur.com\/blog\/wp-content\/uploads\/sites\/6\/2021\/11\/ScreenFlow-Laptop-768x445.png 768w, https:\/\/www.redacteur.com\/blog\/wp-content\/uploads\/sites\/6\/2021\/11\/ScreenFlow-Laptop-1536x890.png 1536w, https:\/\/www.redacteur.com\/blog\/wp-content\/uploads\/sites\/6\/2021\/11\/ScreenFlow-Laptop-60x35.png 60w, https:\/\/www.redacteur.com\/blog\/wp-content\/uploads\/sites\/6\/2021\/11\/ScreenFlow-Laptop-370x215.png 370w, https:\/\/www.redacteur.com\/blog\/wp-content\/uploads\/sites\/6\/2021\/11\/ScreenFlow-Laptop-270x157.png 270w, https:\/\/www.redacteur.com\/blog\/wp-content\/uploads\/sites\/6\/2021\/11\/ScreenFlow-Laptop-570x330.png 570w, https:\/\/www.redacteur.com\/blog\/wp-content\/uploads\/sites\/6\/2021\/11\/ScreenFlow-Laptop-740x429.png 740w\" sizes=\"(max-width: 1718px) 100vw, 1718px\" \/><\/p>\n<p><a href=\"http:\/\/www.telestream.net\/screenflow\/overview.html\/?source=redacteur-com-blog&amp;utm_source=redacteur-com-blog\" target=\"_blank\" rel=\"nofollow noopener noreferrer\">ScreenFlow<\/a> est le logiciel de capture d&#8217;\u00e9cran vid\u00e9o int\u00e9gr\u00e9 sous Mac.<\/p>\n<p>Tr\u00e8s abouti, ce logiciel est particuli\u00e8rement intuitif \u00e0 l&#8217;utilisation, il propose de nombreuses options&nbsp;:<\/p>\n<ul>\n<li>Possibilit\u00e9 d&#8217;ajout de nombreux effets, tel que le zoom ;<\/li>\n<li>Ajout de texte et annotation pour des explications claires ;<\/li>\n<li>Modification des propri\u00e9t\u00e9s sonores ;<\/li>\n<li>Des possibilit\u00e9s de montage&#8230;<\/li>\n<\/ul>\n<p>En bref, ScreenFlow est un des logiciels de screencast les plus pouss\u00e9s.<\/p>\n<blockquote><p>\u00c0 lire aussi&nbsp;: <a href=\"https:\/\/www.redacteur.com\/blog\/optimisation-video-seo\/\">Comment optimiser vos vid\u00e9os pour le SEO&nbsp;?<\/a><\/p><\/blockquote>\n<h3>4. Snagit<\/h3>\n<p><img decoding=\"async\" class=\"aligncenter wp-image-36982 size-full\" src=\"https:\/\/www.redacteur.com\/blog\/wp-content\/uploads\/sites\/6\/2021\/11\/Capture-decran-2023-04-24-a-12.01.22.png\" alt=\"\" width=\"2412\" height=\"1208\" srcset=\"https:\/\/www.redacteur.com\/blog\/wp-content\/uploads\/sites\/6\/2021\/11\/Capture-decran-2023-04-24-a-12.01.22.png 2412w, https:\/\/www.redacteur.com\/blog\/wp-content\/uploads\/sites\/6\/2021\/11\/Capture-decran-2023-04-24-a-12.01.22-300x150.png 300w, https:\/\/www.redacteur.com\/blog\/wp-content\/uploads\/sites\/6\/2021\/11\/Capture-decran-2023-04-24-a-12.01.22-1024x513.png 1024w, https:\/\/www.redacteur.com\/blog\/wp-content\/uploads\/sites\/6\/2021\/11\/Capture-decran-2023-04-24-a-12.01.22-768x385.png 768w, https:\/\/www.redacteur.com\/blog\/wp-content\/uploads\/sites\/6\/2021\/11\/Capture-decran-2023-04-24-a-12.01.22-1536x769.png 1536w, https:\/\/www.redacteur.com\/blog\/wp-content\/uploads\/sites\/6\/2021\/11\/Capture-decran-2023-04-24-a-12.01.22-2048x1026.png 2048w, https:\/\/www.redacteur.com\/blog\/wp-content\/uploads\/sites\/6\/2021\/11\/Capture-decran-2023-04-24-a-12.01.22-60x30.png 60w, https:\/\/www.redacteur.com\/blog\/wp-content\/uploads\/sites\/6\/2021\/11\/Capture-decran-2023-04-24-a-12.01.22-370x185.png 370w, https:\/\/www.redacteur.com\/blog\/wp-content\/uploads\/sites\/6\/2021\/11\/Capture-decran-2023-04-24-a-12.01.22-270x135.png 270w, https:\/\/www.redacteur.com\/blog\/wp-content\/uploads\/sites\/6\/2021\/11\/Capture-decran-2023-04-24-a-12.01.22-570x285.png 570w, https:\/\/www.redacteur.com\/blog\/wp-content\/uploads\/sites\/6\/2021\/11\/Capture-decran-2023-04-24-a-12.01.22-740x371.png 740w\" sizes=\"(max-width: 2412px) 100vw, 2412px\" \/><\/p>\n<p><a href=\"https:\/\/www.techsmith.com\/screen-capture.html\/?source=redacteur-com-blog&amp;utm_source=redacteur-com-blog\" target=\"_blank\" rel=\"nofollow noopener noreferrer\">Snagit<\/a> peut aussi bien vous servir \u00e0 capturer une vid\u00e9o qu&#8217;une image. Cet outil est tr\u00e8s simple \u00e0 utiliser, mais il reste assez limit\u00e9 dans ses fonctionnalit\u00e9s.<\/p>\n<p>Il permet des options basiques de montage tel que l&#8217;ajout d&#8217;annotation, de quelques formes pour mettre en avant les points importants, mais \u00e7a s&#8217;arr\u00eate l\u00e0.<\/p>\n<p>En bref, Snagit ne vous offre pas de possibilit\u00e9s aussi pouss\u00e9es que les autres logiciels mentionn\u00e9s, mais peut \u00eatre pratique \u00e0 avoir sous la main pour des captures vid\u00e9os rapides qui ne n\u00e9cessitent pas de montage sp\u00e9cial.<\/p>\n<h2>Des outils pour vos montages vid\u00e9os<\/h2>\n<h3>5. iMovie<\/h3>\n<p><img decoding=\"async\" class=\"aligncenter wp-image-16743 size-full\" src=\"https:\/\/www.redacteur.com\/blog\/wp-content\/uploads\/sites\/6\/2015\/08\/imovie.png\" alt=\"iMovie\" width=\"400\" height=\"391\" srcset=\"https:\/\/www.redacteur.com\/blog\/wp-content\/uploads\/sites\/6\/2015\/08\/imovie.png 400w, https:\/\/www.redacteur.com\/blog\/wp-content\/uploads\/sites\/6\/2015\/08\/imovie-300x293.png 300w, https:\/\/www.redacteur.com\/blog\/wp-content\/uploads\/sites\/6\/2015\/08\/imovie-60x60.png 60w, https:\/\/www.redacteur.com\/blog\/wp-content\/uploads\/sites\/6\/2015\/08\/imovie-370x362.png 370w, https:\/\/www.redacteur.com\/blog\/wp-content\/uploads\/sites\/6\/2015\/08\/imovie-270x264.png 270w\" sizes=\"(max-width: 400px) 100vw, 400px\" \/><\/p>\n<p>Le logiciel de montage vid\u00e9o int\u00e9gr\u00e9 sous Mac, <a href=\"https:\/\/www.apple.com\/fr\/imovie\/?source=redacteur-com-blog&amp;utm_source=redacteur-com-blog\" target=\"_blank\" rel=\"nofollow noopener noreferrer\">iMovie<\/a> est simple d&#8217;utilisation et id\u00e9al pour les d\u00e9butants en traitement de vid\u00e9o.<\/p>\n<p>Il vous offre de nombreuses possibilit\u00e9s de montage&nbsp;:<\/p>\n<ul>\n<li>Ajout d&#8217;effets ;<\/li>\n<li>Ajout de texte ;<\/li>\n<li>Gestion de la bande-son ;<\/li>\n<li>Ajout de bande-annonce ;<\/li>\n<li>Facilite le partage sur les r\u00e9seaux sociaux&#8230;<\/li>\n<\/ul>\n<h3>6. Montage, \u00e9talonnage, son&nbsp;:&nbsp;DaVinci Resolve<\/h3>\n<p><img decoding=\"async\" class=\"aligncenter wp-image-36983 size-full\" src=\"https:\/\/www.redacteur.com\/blog\/wp-content\/uploads\/sites\/6\/2021\/11\/Capture-decran-2023-04-24-a-12.03.11-e1682330660523.png\" alt=\"\" width=\"2384\" height=\"1100\" srcset=\"https:\/\/www.redacteur.com\/blog\/wp-content\/uploads\/sites\/6\/2021\/11\/Capture-decran-2023-04-24-a-12.03.11-e1682330660523.png 2384w, https:\/\/www.redacteur.com\/blog\/wp-content\/uploads\/sites\/6\/2021\/11\/Capture-decran-2023-04-24-a-12.03.11-e1682330660523-300x138.png 300w, https:\/\/www.redacteur.com\/blog\/wp-content\/uploads\/sites\/6\/2021\/11\/Capture-decran-2023-04-24-a-12.03.11-e1682330660523-1024x472.png 1024w, https:\/\/www.redacteur.com\/blog\/wp-content\/uploads\/sites\/6\/2021\/11\/Capture-decran-2023-04-24-a-12.03.11-e1682330660523-768x354.png 768w, https:\/\/www.redacteur.com\/blog\/wp-content\/uploads\/sites\/6\/2021\/11\/Capture-decran-2023-04-24-a-12.03.11-e1682330660523-1536x709.png 1536w, https:\/\/www.redacteur.com\/blog\/wp-content\/uploads\/sites\/6\/2021\/11\/Capture-decran-2023-04-24-a-12.03.11-e1682330660523-2048x945.png 2048w, https:\/\/www.redacteur.com\/blog\/wp-content\/uploads\/sites\/6\/2021\/11\/Capture-decran-2023-04-24-a-12.03.11-e1682330660523-60x28.png 60w, https:\/\/www.redacteur.com\/blog\/wp-content\/uploads\/sites\/6\/2021\/11\/Capture-decran-2023-04-24-a-12.03.11-e1682330660523-370x171.png 370w, https:\/\/www.redacteur.com\/blog\/wp-content\/uploads\/sites\/6\/2021\/11\/Capture-decran-2023-04-24-a-12.03.11-e1682330660523-270x125.png 270w, https:\/\/www.redacteur.com\/blog\/wp-content\/uploads\/sites\/6\/2021\/11\/Capture-decran-2023-04-24-a-12.03.11-e1682330660523-570x263.png 570w, https:\/\/www.redacteur.com\/blog\/wp-content\/uploads\/sites\/6\/2021\/11\/Capture-decran-2023-04-24-a-12.03.11-e1682330660523-740x341.png 740w\" sizes=\"(max-width: 2384px) 100vw, 2384px\" \/><\/p>\n<p><strong>Prix&nbsp;: Gratuit<\/strong><\/p>\n<p><a href=\"https:\/\/www.blackmagicdesign.com\/fr\/products\/davinciresolve\/?source=redacteur-com-blog&amp;utm_source=redacteur-com-blog\" target=\"_blank\" rel=\"nofollow noopener noreferrer\">DaVinci Resolve<\/a> est <strong>LA solution tout-en-un<\/strong> pour le montage professionnel o\u00f9 tout ce passe dans un m\u00eame logiciel avec une interface moderne et \u00e9l\u00e9gante. Vous pourrez monter, \u00e9talonner, traiter le son et encore ajouter des effets \u00e0 vos vid\u00e9os, si la prise en main du logiciel ne vous para\u00eet pas trop difficile.<\/p>\n<p>Disponible sur Mac OS, Windows et Linux, Blackmagicdesign, la soci\u00e9t\u00e9 qui d\u00e9tient DaVinci Resolve, offre donc ce logiciel au plus grand nombre, avec une version studio avec des possibilit\u00e9s suppl\u00e9mentaires, plus complexes. Le travail collaboratif est \u00e9galement en vente (299,99 \u20ac).<\/p>\n<h3>7. Jahshaka<\/h3>\n<p><img decoding=\"async\" class=\"aligncenter wp-image-36984 size-full\" src=\"https:\/\/www.redacteur.com\/blog\/wp-content\/uploads\/sites\/6\/2021\/11\/Capture-decran-2023-04-24-a-12.10.17.png\" alt=\"\" width=\"2020\" height=\"1432\" srcset=\"https:\/\/www.redacteur.com\/blog\/wp-content\/uploads\/sites\/6\/2021\/11\/Capture-decran-2023-04-24-a-12.10.17.png 2020w, https:\/\/www.redacteur.com\/blog\/wp-content\/uploads\/sites\/6\/2021\/11\/Capture-decran-2023-04-24-a-12.10.17-300x213.png 300w, https:\/\/www.redacteur.com\/blog\/wp-content\/uploads\/sites\/6\/2021\/11\/Capture-decran-2023-04-24-a-12.10.17-1024x726.png 1024w, https:\/\/www.redacteur.com\/blog\/wp-content\/uploads\/sites\/6\/2021\/11\/Capture-decran-2023-04-24-a-12.10.17-768x544.png 768w, https:\/\/www.redacteur.com\/blog\/wp-content\/uploads\/sites\/6\/2021\/11\/Capture-decran-2023-04-24-a-12.10.17-1536x1089.png 1536w, https:\/\/www.redacteur.com\/blog\/wp-content\/uploads\/sites\/6\/2021\/11\/Capture-decran-2023-04-24-a-12.10.17-60x43.png 60w, https:\/\/www.redacteur.com\/blog\/wp-content\/uploads\/sites\/6\/2021\/11\/Capture-decran-2023-04-24-a-12.10.17-370x262.png 370w, https:\/\/www.redacteur.com\/blog\/wp-content\/uploads\/sites\/6\/2021\/11\/Capture-decran-2023-04-24-a-12.10.17-270x191.png 270w, https:\/\/www.redacteur.com\/blog\/wp-content\/uploads\/sites\/6\/2021\/11\/Capture-decran-2023-04-24-a-12.10.17-570x404.png 570w, https:\/\/www.redacteur.com\/blog\/wp-content\/uploads\/sites\/6\/2021\/11\/Capture-decran-2023-04-24-a-12.10.17-740x525.png 740w\" sizes=\"(max-width: 2020px) 100vw, 2020px\" \/><\/p>\n<p><a href=\"https:\/\/www.jahshaka.com\/create\/?source=redacteur-com-blog&amp;utm_source=redacteur-com-blog\" target=\"_blank\" rel=\"nofollow noopener noreferrer\">Jahshaka<\/a> est un logiciel de retouche vid\u00e9o complet qui, en plus des classiques, vous offre des fonctionnalit\u00e9s pouss\u00e9es&nbsp;:<\/p>\n<ul>\n<li>L&#8217;ajout d&#8217;effet ;<\/li>\n<li>La r\u00e9alisation de s\u00e9quence 2D et 3D ;<\/li>\n<li>Gestion pouss\u00e9e du fond sonore.<\/li>\n<\/ul>\n<blockquote><p><a href=\"https:\/\/www.jahshaka.com\/create\/?source=redacteur-com-blog&amp;utm_source=redacteur-com-blog\" target=\"_blank\" rel=\"nofollow noopener noreferrer\">\u00c0 lire aussi&nbsp;:&nbsp;<\/a><a href=\"https:\/\/www.redacteur.com\/blog\/seo-comment-se-referencer-sur-youtube\/\">SEO&nbsp;: Comment se r\u00e9f\u00e9rencer sur YouTube&nbsp;?<\/a><\/p><\/blockquote>\n<h3>8. Filmora<\/h3>\n<p><img decoding=\"async\" class=\"aligncenter wp-image-36980 size-full\" src=\"https:\/\/www.redacteur.com\/blog\/wp-content\/uploads\/sites\/6\/2021\/11\/reverse-option-filmora-toolbar.webp\" alt=\"\" width=\"1048\" height=\"710\" srcset=\"https:\/\/www.redacteur.com\/blog\/wp-content\/uploads\/sites\/6\/2021\/11\/reverse-option-filmora-toolbar.webp 1048w, https:\/\/www.redacteur.com\/blog\/wp-content\/uploads\/sites\/6\/2021\/11\/reverse-option-filmora-toolbar-300x203.webp 300w, https:\/\/www.redacteur.com\/blog\/wp-content\/uploads\/sites\/6\/2021\/11\/reverse-option-filmora-toolbar-1024x694.webp 1024w, https:\/\/www.redacteur.com\/blog\/wp-content\/uploads\/sites\/6\/2021\/11\/reverse-option-filmora-toolbar-768x520.webp 768w, https:\/\/www.redacteur.com\/blog\/wp-content\/uploads\/sites\/6\/2021\/11\/reverse-option-filmora-toolbar-60x41.webp 60w, https:\/\/www.redacteur.com\/blog\/wp-content\/uploads\/sites\/6\/2021\/11\/reverse-option-filmora-toolbar-370x251.webp 370w, https:\/\/www.redacteur.com\/blog\/wp-content\/uploads\/sites\/6\/2021\/11\/reverse-option-filmora-toolbar-270x183.webp 270w, https:\/\/www.redacteur.com\/blog\/wp-content\/uploads\/sites\/6\/2021\/11\/reverse-option-filmora-toolbar-570x386.webp 570w, https:\/\/www.redacteur.com\/blog\/wp-content\/uploads\/sites\/6\/2021\/11\/reverse-option-filmora-toolbar-740x501.webp 740w\" sizes=\"(max-width: 1048px) 100vw, 1048px\" \/><\/p>\n<p>Tr\u00e8s populaires aujourd&#8217;hui, <a href=\"https:\/\/filmora.wondershare.fr\/?source=redacteur-com-blog&amp;utm_source=redacteur-com-blog\" target=\"_blank\" rel=\"nofollow noopener noreferrer\">Filmora<\/a> n&#8217;en reste pas moins un logiciel tr\u00e8s performant qui se distingue par son ergonomie, gr\u00e2ce \u00e0 une zone de travail pratique et fonctionnelle et une utilisation fluide gr\u00e2ce au syst\u00e8me de glisser-d\u00e9poser.<\/p>\n<p>De nombreux styles et transitions sont \u00e9galement disponibles, vous permettant de cr\u00e9er des vid\u00e9os professionnelles tr\u00e8s facilement, m\u00eame sans exp\u00e9rience.<\/p>\n<p>Il donne acc\u00e8s aux fonctionnalit\u00e9s classiques de la retouche vid\u00e9o&nbsp;:<\/p>\n<ul>\n<li>M\u00e9lange de vid\u00e9os ;<\/li>\n<li>S\u00e9quence photos ;<\/li>\n<li>Ajout d&#8217;effet ;<\/li>\n<li>Ajout de fond sonore&#8230;<\/li>\n<\/ul>\n<h2>Notre solution pour votre projet vid\u00e9o<\/h2>\n<p>Gr\u00e2ce \u00e0 ces outils, vous pouvez \u00e0 pr\u00e9sent produire des vid\u00e9os riches en valeur ajout\u00e9e afin d&#8217;enrichir votre strat\u00e9gie de content marketing.<\/p>\n<p><a href=\"https:\/\/filmora.wondershare.fr\/?source=redacteur-com-blog&amp;utm_source=redacteur-com-blog\" target=\"_blank\" rel=\"nofollow noopener noreferrer\">Recevez d\u00e8s maintenant des devis de freelances professionnels en postant votre projet vid\u00e9o sur <\/a><a href=\"https:\/\/www.codeur.com\/\">Codeur.com<\/a>. Mettez-vous en relation avec des r\u00e9dacteurs qualifi\u00e9s pour la retranscription de vos vid\u00e9os en passant votre commande sur <a href=\"https:\/\/www.redacteur.com\/\">Redacteur.com<\/a>.<\/p>\n","protected":false},"excerpt":{"rendered":"<p>Nous le r\u00e9p\u00e9tons tr\u00e8s souvent sur ce blog, la vid\u00e9o est un format tr\u00e8s efficace&nbsp;: c&#8217;est un contenu web appr\u00e9ci\u00e9 des internautes, qui se partage facilement et qui peut faire d\u00e9coller vos ventes. C&#8217;est sans nul doute le format le plus populaires de ces cinq derni\u00e8res ann\u00e9es. Si vous souhaitez vous lancer dans la vid\u00e9o, [&hellip;]<\/p>\n","protected":false},"author":1,"featured_media":36986,"comment_status":"open","ping_status":"open","sticky":false,"template":"","format":"standard","meta":{"_acf_changed":false,"inline_featured_image":false,"footnotes":""},"categories":[17],"tags":[],"class_list":["post-5990","post","type-post","status-publish","format-standard","has-post-thumbnail","hentry","category-video"],"acf":[],"yoast_head":"<!-- This site is optimized with the Yoast SEO plugin v25.9 - https:\/\/yoast.com\/wordpress\/plugins\/seo\/ -->\n<title>\u00c9laborer votre projet vid\u00e9o avec 6 r\u00e8gles d\u2019or et 8 outils - Redacteur Blog<\/title>\n<meta name=\"description\" content=\"Nous le r\u00e9p\u00e9tons tr\u00e8s souvent sur ce blog, la vid\u00e9o est un format tr\u00e8s efficace : c&#039;est un contenu web appr\u00e9ci\u00e9 des internautes, qui se partage facilement\" \/>\n<meta name=\"robots\" content=\"index, follow, max-snippet:-1, max-image-preview:large, max-video-preview:-1\" \/>\n<link rel=\"canonical\" href=\"https:\/\/www.redacteur.com\/blog\/elaborer-projet-de-video-pour-le-web\/\" \/>\n<meta property=\"og:locale\" content=\"fr_FR\" \/>\n<meta property=\"og:type\" content=\"article\" \/>\n<meta property=\"og:title\" content=\"\u00c9laborer votre projet vid\u00e9o avec 6 r\u00e8gles d\u2019or et 8 outils - Redacteur Blog\" \/>\n<meta property=\"og:description\" content=\"Nous le r\u00e9p\u00e9tons tr\u00e8s souvent sur ce blog, la vid\u00e9o est un format tr\u00e8s efficace : c&#039;est un contenu web appr\u00e9ci\u00e9 des internautes, qui se partage facilement\" \/>\n<meta property=\"og:url\" content=\"https:\/\/www.redacteur.com\/blog\/elaborer-projet-de-video-pour-le-web\/\" \/>\n<meta property=\"og:site_name\" content=\"Redacteur.com\" \/>\n<meta property=\"article:publisher\" content=\"https:\/\/www.facebook.com\/redacteurcom\" \/>\n<meta property=\"article:published_time\" content=\"2023-04-26T08:50:00+00:00\" \/>\n<meta property=\"og:image\" content=\"https:\/\/www.redacteur.com\/blog\/wp-content\/uploads\/sites\/6\/2021\/11\/Image-a-la-une-elaborer-video.png\" \/>\n\t<meta property=\"og:image:width\" content=\"1024\" \/>\n\t<meta property=\"og:image:height\" content=\"618\" \/>\n\t<meta property=\"og:image:type\" content=\"image\/png\" \/>\n<meta name=\"author\" content=\"Laura Michaud\" \/>\n<meta name=\"twitter:card\" content=\"summary_large_image\" \/>\n<meta name=\"twitter:creator\" content=\"@Redacteurcom\" \/>\n<meta name=\"twitter:site\" content=\"@Redacteurcom\" \/>\n<meta name=\"twitter:label1\" content=\"\u00c9crit par\" \/>\n\t<meta name=\"twitter:data1\" content=\"Laura Michaud\" \/>\n\t<meta name=\"twitter:label2\" content=\"Dur\u00e9e de lecture estim\u00e9e\" \/>\n\t<meta name=\"twitter:data2\" content=\"10 minutes\" \/>\n<script type=\"application\/ld+json\" class=\"yoast-schema-graph\">{\"@context\":\"https:\/\/schema.org\",\"@graph\":[{\"@type\":\"Article\",\"@id\":\"https:\/\/www.redacteur.com\/blog\/elaborer-projet-de-video-pour-le-web\/#article\",\"isPartOf\":{\"@id\":\"https:\/\/www.redacteur.com\/blog\/elaborer-projet-de-video-pour-le-web\/\"},\"author\":{\"name\":\"Laura Michaud\",\"@id\":\"https:\/\/www.redacteur.com\/blog\/#\/schema\/person\/33c0ef04707fbe50a096f282050bb5f2\"},\"headline\":\"\u00c9laborer votre projet vid\u00e9o avec 6 r\u00e8gles d\u2019or et 8 outils\",\"datePublished\":\"2023-04-26T08:50:00+00:00\",\"mainEntityOfPage\":{\"@id\":\"https:\/\/www.redacteur.com\/blog\/elaborer-projet-de-video-pour-le-web\/\"},\"wordCount\":1580,\"commentCount\":1,\"publisher\":{\"@id\":\"https:\/\/www.redacteur.com\/blog\/#organization\"},\"image\":{\"@id\":\"https:\/\/www.redacteur.com\/blog\/elaborer-projet-de-video-pour-le-web\/#primaryimage\"},\"thumbnailUrl\":\"https:\/\/www.redacteur.com\/blog\/wp-content\/uploads\/sites\/6\/2021\/11\/Image-a-la-une-elaborer-video.png\",\"articleSection\":[\"Vid\u00e9o\"],\"inLanguage\":\"fr-FR\",\"potentialAction\":[{\"@type\":\"CommentAction\",\"name\":\"Comment\",\"target\":[\"https:\/\/www.redacteur.com\/blog\/elaborer-projet-de-video-pour-le-web\/#respond\"]}]},{\"@type\":\"WebPage\",\"@id\":\"https:\/\/www.redacteur.com\/blog\/elaborer-projet-de-video-pour-le-web\/\",\"url\":\"https:\/\/www.redacteur.com\/blog\/elaborer-projet-de-video-pour-le-web\/\",\"name\":\"\u00c9laborer votre projet vid\u00e9o avec 6 r\u00e8gles d\u2019or et 8 outils - Redacteur Blog\",\"isPartOf\":{\"@id\":\"https:\/\/www.redacteur.com\/blog\/#website\"},\"primaryImageOfPage\":{\"@id\":\"https:\/\/www.redacteur.com\/blog\/elaborer-projet-de-video-pour-le-web\/#primaryimage\"},\"image\":{\"@id\":\"https:\/\/www.redacteur.com\/blog\/elaborer-projet-de-video-pour-le-web\/#primaryimage\"},\"thumbnailUrl\":\"https:\/\/www.redacteur.com\/blog\/wp-content\/uploads\/sites\/6\/2021\/11\/Image-a-la-une-elaborer-video.png\",\"datePublished\":\"2023-04-26T08:50:00+00:00\",\"description\":\"Nous le r\u00e9p\u00e9tons tr\u00e8s souvent sur ce blog, la vid\u00e9o est un format tr\u00e8s efficace : c'est un contenu web appr\u00e9ci\u00e9 des internautes, qui se partage facilement\",\"breadcrumb\":{\"@id\":\"https:\/\/www.redacteur.com\/blog\/elaborer-projet-de-video-pour-le-web\/#breadcrumb\"},\"inLanguage\":\"fr-FR\",\"potentialAction\":[{\"@type\":\"ReadAction\",\"target\":[\"https:\/\/www.redacteur.com\/blog\/elaborer-projet-de-video-pour-le-web\/\"]}]},{\"@type\":\"ImageObject\",\"inLanguage\":\"fr-FR\",\"@id\":\"https:\/\/www.redacteur.com\/blog\/elaborer-projet-de-video-pour-le-web\/#primaryimage\",\"url\":\"https:\/\/www.redacteur.com\/blog\/wp-content\/uploads\/sites\/6\/2021\/11\/Image-a-la-une-elaborer-video.png\",\"contentUrl\":\"https:\/\/www.redacteur.com\/blog\/wp-content\/uploads\/sites\/6\/2021\/11\/Image-a-la-une-elaborer-video.png\",\"width\":1024,\"height\":618},{\"@type\":\"BreadcrumbList\",\"@id\":\"https:\/\/www.redacteur.com\/blog\/elaborer-projet-de-video-pour-le-web\/#breadcrumb\",\"itemListElement\":[{\"@type\":\"ListItem\",\"position\":1,\"name\":\"Blog\",\"item\":\"https:\/\/www.redacteur.com\/blog\/\"},{\"@type\":\"ListItem\",\"position\":2,\"name\":\"Content marketing\",\"item\":\"https:\/\/www.redacteur.com\/blog\/contenu-web\/\"},{\"@type\":\"ListItem\",\"position\":3,\"name\":\"Vid\u00e9o\",\"item\":\"https:\/\/www.redacteur.com\/blog\/contenu-web\/video\/\"},{\"@type\":\"ListItem\",\"position\":4,\"name\":\"\u00c9laborer votre projet vid\u00e9o avec 6 r\u00e8gles d\u2019or et 8 outils\"}]},{\"@type\":\"WebSite\",\"@id\":\"https:\/\/www.redacteur.com\/blog\/#website\",\"url\":\"https:\/\/www.redacteur.com\/blog\/\",\"name\":\"Redacteur.com\",\"description\":\"redacteur\",\"publisher\":{\"@id\":\"https:\/\/www.redacteur.com\/blog\/#organization\"},\"potentialAction\":[{\"@type\":\"SearchAction\",\"target\":{\"@type\":\"EntryPoint\",\"urlTemplate\":\"https:\/\/www.redacteur.com\/blog\/?s={search_term_string}\"},\"query-input\":{\"@type\":\"PropertyValueSpecification\",\"valueRequired\":true,\"valueName\":\"search_term_string\"}}],\"inLanguage\":\"fr-FR\"},{\"@type\":\"Organization\",\"@id\":\"https:\/\/www.redacteur.com\/blog\/#organization\",\"name\":\"Redacteur.com\",\"url\":\"https:\/\/www.redacteur.com\/blog\/\",\"logo\":{\"@type\":\"ImageObject\",\"inLanguage\":\"fr-FR\",\"@id\":\"https:\/\/www.redacteur.com\/blog\/#\/schema\/logo\/image\/\",\"url\":\"https:\/\/www.redacteur.com\/blog\/wp-content\/uploads\/sites\/6\/2022\/10\/logo-redacteur-blog.svg\",\"contentUrl\":\"https:\/\/www.redacteur.com\/blog\/wp-content\/uploads\/sites\/6\/2022\/10\/logo-redacteur-blog.svg\",\"width\":1,\"height\":1,\"caption\":\"Redacteur.com\"},\"image\":{\"@id\":\"https:\/\/www.redacteur.com\/blog\/#\/schema\/logo\/image\/\"},\"sameAs\":[\"https:\/\/www.facebook.com\/redacteurcom\",\"https:\/\/x.com\/Redacteurcom\",\"https:\/\/www.linkedin.com\/company\/redacteur-com\",\"https:\/\/www.youtube.com\/channel\/UCgj9ySM9xy3gdL8qBafl9Uw\/\"]},{\"@type\":\"Person\",\"@id\":\"https:\/\/www.redacteur.com\/blog\/#\/schema\/person\/33c0ef04707fbe50a096f282050bb5f2\",\"name\":\"Laura Michaud\",\"image\":{\"@type\":\"ImageObject\",\"inLanguage\":\"fr-FR\",\"@id\":\"https:\/\/www.redacteur.com\/blog\/#\/schema\/person\/image\/\",\"url\":\"https:\/\/secure.gravatar.com\/avatar\/c3328cc0c887f98cec6b2979af3311ab6333fc7cc2d4847514cfec6a56fa08a7?s=96&d=mm&r=g\",\"contentUrl\":\"https:\/\/secure.gravatar.com\/avatar\/c3328cc0c887f98cec6b2979af3311ab6333fc7cc2d4847514cfec6a56fa08a7?s=96&d=mm&r=g\",\"caption\":\"Laura Michaud\"},\"description\":\"Laura connait tous les meilleurs outils pour g\u00e9rer des projets et une entreprise. Cr\u00e9ative, c'est aussi une sp\u00e9cialiste des outils de cr\u00e9ation graphique pour faire briller une entreprise.\",\"sameAs\":[\"https:\/\/www.linkedin.com\/in\/michaudlaura\/\"],\"url\":\"https:\/\/www.redacteur.com\/blog\/author\/laura\/\"}]}<\/script>\n<!-- \/ Yoast SEO plugin. -->","yoast_head_json":{"title":"\u00c9laborer votre projet vid\u00e9o avec 6 r\u00e8gles d\u2019or et 8 outils - Redacteur Blog","description":"Nous le r\u00e9p\u00e9tons tr\u00e8s souvent sur ce blog, la vid\u00e9o est un format tr\u00e8s efficace : c'est un contenu web appr\u00e9ci\u00e9 des internautes, qui se partage facilement","robots":{"index":"index","follow":"follow","max-snippet":"max-snippet:-1","max-image-preview":"max-image-preview:large","max-video-preview":"max-video-preview:-1"},"canonical":"https:\/\/www.redacteur.com\/blog\/elaborer-projet-de-video-pour-le-web\/","og_locale":"fr_FR","og_type":"article","og_title":"\u00c9laborer votre projet vid\u00e9o avec 6 r\u00e8gles d\u2019or et 8 outils - Redacteur Blog","og_description":"Nous le r\u00e9p\u00e9tons tr\u00e8s souvent sur ce blog, la vid\u00e9o est un format tr\u00e8s efficace : c'est un contenu web appr\u00e9ci\u00e9 des internautes, qui se partage facilement","og_url":"https:\/\/www.redacteur.com\/blog\/elaborer-projet-de-video-pour-le-web\/","og_site_name":"Redacteur.com","article_publisher":"https:\/\/www.facebook.com\/redacteurcom","article_published_time":"2023-04-26T08:50:00+00:00","og_image":[{"width":1024,"height":618,"url":"https:\/\/www.redacteur.com\/blog\/wp-content\/uploads\/sites\/6\/2021\/11\/Image-a-la-une-elaborer-video.png","type":"image\/png"}],"author":"Laura Michaud","twitter_card":"summary_large_image","twitter_creator":"@Redacteurcom","twitter_site":"@Redacteurcom","twitter_misc":{"\u00c9crit par":"Laura Michaud","Dur\u00e9e de lecture estim\u00e9e":"10 minutes"},"schema":{"@context":"https:\/\/schema.org","@graph":[{"@type":"Article","@id":"https:\/\/www.redacteur.com\/blog\/elaborer-projet-de-video-pour-le-web\/#article","isPartOf":{"@id":"https:\/\/www.redacteur.com\/blog\/elaborer-projet-de-video-pour-le-web\/"},"author":{"name":"Laura Michaud","@id":"https:\/\/www.redacteur.com\/blog\/#\/schema\/person\/33c0ef04707fbe50a096f282050bb5f2"},"headline":"\u00c9laborer votre projet vid\u00e9o avec 6 r\u00e8gles d\u2019or et 8 outils","datePublished":"2023-04-26T08:50:00+00:00","mainEntityOfPage":{"@id":"https:\/\/www.redacteur.com\/blog\/elaborer-projet-de-video-pour-le-web\/"},"wordCount":1580,"commentCount":1,"publisher":{"@id":"https:\/\/www.redacteur.com\/blog\/#organization"},"image":{"@id":"https:\/\/www.redacteur.com\/blog\/elaborer-projet-de-video-pour-le-web\/#primaryimage"},"thumbnailUrl":"https:\/\/www.redacteur.com\/blog\/wp-content\/uploads\/sites\/6\/2021\/11\/Image-a-la-une-elaborer-video.png","articleSection":["Vid\u00e9o"],"inLanguage":"fr-FR","potentialAction":[{"@type":"CommentAction","name":"Comment","target":["https:\/\/www.redacteur.com\/blog\/elaborer-projet-de-video-pour-le-web\/#respond"]}]},{"@type":"WebPage","@id":"https:\/\/www.redacteur.com\/blog\/elaborer-projet-de-video-pour-le-web\/","url":"https:\/\/www.redacteur.com\/blog\/elaborer-projet-de-video-pour-le-web\/","name":"\u00c9laborer votre projet vid\u00e9o avec 6 r\u00e8gles d\u2019or et 8 outils - Redacteur Blog","isPartOf":{"@id":"https:\/\/www.redacteur.com\/blog\/#website"},"primaryImageOfPage":{"@id":"https:\/\/www.redacteur.com\/blog\/elaborer-projet-de-video-pour-le-web\/#primaryimage"},"image":{"@id":"https:\/\/www.redacteur.com\/blog\/elaborer-projet-de-video-pour-le-web\/#primaryimage"},"thumbnailUrl":"https:\/\/www.redacteur.com\/blog\/wp-content\/uploads\/sites\/6\/2021\/11\/Image-a-la-une-elaborer-video.png","datePublished":"2023-04-26T08:50:00+00:00","description":"Nous le r\u00e9p\u00e9tons tr\u00e8s souvent sur ce blog, la vid\u00e9o est un format tr\u00e8s efficace : c'est un contenu web appr\u00e9ci\u00e9 des internautes, qui se partage facilement","breadcrumb":{"@id":"https:\/\/www.redacteur.com\/blog\/elaborer-projet-de-video-pour-le-web\/#breadcrumb"},"inLanguage":"fr-FR","potentialAction":[{"@type":"ReadAction","target":["https:\/\/www.redacteur.com\/blog\/elaborer-projet-de-video-pour-le-web\/"]}]},{"@type":"ImageObject","inLanguage":"fr-FR","@id":"https:\/\/www.redacteur.com\/blog\/elaborer-projet-de-video-pour-le-web\/#primaryimage","url":"https:\/\/www.redacteur.com\/blog\/wp-content\/uploads\/sites\/6\/2021\/11\/Image-a-la-une-elaborer-video.png","contentUrl":"https:\/\/www.redacteur.com\/blog\/wp-content\/uploads\/sites\/6\/2021\/11\/Image-a-la-une-elaborer-video.png","width":1024,"height":618},{"@type":"BreadcrumbList","@id":"https:\/\/www.redacteur.com\/blog\/elaborer-projet-de-video-pour-le-web\/#breadcrumb","itemListElement":[{"@type":"ListItem","position":1,"name":"Blog","item":"https:\/\/www.redacteur.com\/blog\/"},{"@type":"ListItem","position":2,"name":"Content marketing","item":"https:\/\/www.redacteur.com\/blog\/contenu-web\/"},{"@type":"ListItem","position":3,"name":"Vid\u00e9o","item":"https:\/\/www.redacteur.com\/blog\/contenu-web\/video\/"},{"@type":"ListItem","position":4,"name":"\u00c9laborer votre projet vid\u00e9o avec 6 r\u00e8gles d\u2019or et 8 outils"}]},{"@type":"WebSite","@id":"https:\/\/www.redacteur.com\/blog\/#website","url":"https:\/\/www.redacteur.com\/blog\/","name":"Redacteur.com","description":"redacteur","publisher":{"@id":"https:\/\/www.redacteur.com\/blog\/#organization"},"potentialAction":[{"@type":"SearchAction","target":{"@type":"EntryPoint","urlTemplate":"https:\/\/www.redacteur.com\/blog\/?s={search_term_string}"},"query-input":{"@type":"PropertyValueSpecification","valueRequired":true,"valueName":"search_term_string"}}],"inLanguage":"fr-FR"},{"@type":"Organization","@id":"https:\/\/www.redacteur.com\/blog\/#organization","name":"Redacteur.com","url":"https:\/\/www.redacteur.com\/blog\/","logo":{"@type":"ImageObject","inLanguage":"fr-FR","@id":"https:\/\/www.redacteur.com\/blog\/#\/schema\/logo\/image\/","url":"https:\/\/www.redacteur.com\/blog\/wp-content\/uploads\/sites\/6\/2022\/10\/logo-redacteur-blog.svg","contentUrl":"https:\/\/www.redacteur.com\/blog\/wp-content\/uploads\/sites\/6\/2022\/10\/logo-redacteur-blog.svg","width":1,"height":1,"caption":"Redacteur.com"},"image":{"@id":"https:\/\/www.redacteur.com\/blog\/#\/schema\/logo\/image\/"},"sameAs":["https:\/\/www.facebook.com\/redacteurcom","https:\/\/x.com\/Redacteurcom","https:\/\/www.linkedin.com\/company\/redacteur-com","https:\/\/www.youtube.com\/channel\/UCgj9ySM9xy3gdL8qBafl9Uw\/"]},{"@type":"Person","@id":"https:\/\/www.redacteur.com\/blog\/#\/schema\/person\/33c0ef04707fbe50a096f282050bb5f2","name":"Laura Michaud","image":{"@type":"ImageObject","inLanguage":"fr-FR","@id":"https:\/\/www.redacteur.com\/blog\/#\/schema\/person\/image\/","url":"https:\/\/secure.gravatar.com\/avatar\/c3328cc0c887f98cec6b2979af3311ab6333fc7cc2d4847514cfec6a56fa08a7?s=96&d=mm&r=g","contentUrl":"https:\/\/secure.gravatar.com\/avatar\/c3328cc0c887f98cec6b2979af3311ab6333fc7cc2d4847514cfec6a56fa08a7?s=96&d=mm&r=g","caption":"Laura Michaud"},"description":"Laura connait tous les meilleurs outils pour g\u00e9rer des projets et une entreprise. Cr\u00e9ative, c'est aussi une sp\u00e9cialiste des outils de cr\u00e9ation graphique pour faire briller une entreprise.","sameAs":["https:\/\/www.linkedin.com\/in\/michaudlaura\/"],"url":"https:\/\/www.redacteur.com\/blog\/author\/laura\/"}]}},"_links":{"self":[{"href":"https:\/\/www.redacteur.com\/blog\/wp-json\/wp\/v2\/posts\/5990","targetHints":{"allow":["GET"]}}],"collection":[{"href":"https:\/\/www.redacteur.com\/blog\/wp-json\/wp\/v2\/posts"}],"about":[{"href":"https:\/\/www.redacteur.com\/blog\/wp-json\/wp\/v2\/types\/post"}],"author":[{"embeddable":true,"href":"https:\/\/www.redacteur.com\/blog\/wp-json\/wp\/v2\/users\/1"}],"replies":[{"embeddable":true,"href":"https:\/\/www.redacteur.com\/blog\/wp-json\/wp\/v2\/comments?post=5990"}],"version-history":[{"count":0,"href":"https:\/\/www.redacteur.com\/blog\/wp-json\/wp\/v2\/posts\/5990\/revisions"}],"wp:featuredmedia":[{"embeddable":true,"href":"https:\/\/www.redacteur.com\/blog\/wp-json\/wp\/v2\/media\/36986"}],"wp:attachment":[{"href":"https:\/\/www.redacteur.com\/blog\/wp-json\/wp\/v2\/media?parent=5990"}],"wp:term":[{"taxonomy":"category","embeddable":true,"href":"https:\/\/www.redacteur.com\/blog\/wp-json\/wp\/v2\/categories?post=5990"},{"taxonomy":"post_tag","embeddable":true,"href":"https:\/\/www.redacteur.com\/blog\/wp-json\/wp\/v2\/tags?post=5990"}],"curies":[{"name":"wp","href":"https:\/\/api.w.org\/{rel}","templated":true}]}}