{"id":8176,"date":"2020-02-03T10:20:02","date_gmt":"2020-02-03T09:20:02","guid":{"rendered":"https:\/\/www.redacteur.com\/blog\/?p=8176"},"modified":"2020-02-03T10:20:02","modified_gmt":"2020-02-03T09:20:02","slug":"comment-construire-la-planification-editoriale","status":"publish","type":"post","link":"https:\/\/www.redacteur.com\/blog\/comment-construire-la-planification-editoriale\/","title":{"rendered":"Comment construire la planification \u00e9ditoriale\u00a0?"},"content":{"rendered":"<p>Un contenu de qualit\u00e9, voil\u00e0 un des meilleurs moyens d\u2019assurer sa visibilit\u00e9 et sa r\u00e9putation sur Internet.<\/p>\n<p>Encore faut-il \u00e9galement des mises \u00e0 jour et des publications r\u00e9guli\u00e8res en suivant une <a title=\"Conseils pour r\u00e9diger une charte \u00e9ditoriale web\" href=\"https:\/\/www.redacteur.com\/blog\/comment-rediger-une-charte-editoriale-pour-le-web\/\">charte \u00e9ditoriale<\/a> bien d\u00e9finie. En mati\u00e8re d&#8217;\u00e9dition web, la planification \u00e9ditoriale est de la plus grande importance.<\/p>\n<p>Explications.<\/p>\n<p>&nbsp;<\/p>\n<h2>La planification \u00e9ditoriale\u00a0: qu\u2019est-ce que c\u2019est&nbsp;?<\/h2>\n<p>La <a href=\"https:\/\/www.redacteur.com\/blog\/comment-rediger-une-charte-editoriale-pour-le-web\/\">planification \u00e9ditoriale<\/a> fait partie int\u00e9grante de la <a href=\"https:\/\/www.redacteur.com\/blog\/content-marketing-10-outils-pour-optimiser-votre-strategie-b2b\/\">strat\u00e9gie<\/a> de contenu d\u2019un site, d\u2019un blog ou d\u2019une plateforme de r\u00e9seaux sociaux. Il s\u2019agit d\u2019un tableau synoptique des contenus \u00e0 produire sur une p\u00e9riode d\u00e9termin\u00e9e.<\/p>\n<p style=\"text-align: center\"><a href=\"https:\/\/redacteur.codeur.com\/blog\/wp-content\/uploads\/sites\/6\/2020\/02\/planification-editorial.jpg\"><img decoding=\"async\" class=\"alignnone size-full wp-image-33183\" src=\"https:\/\/redacteur.codeur.com\/blog\/wp-content\/uploads\/sites\/6\/2020\/02\/planification-editorial.jpg\" alt=\"planification-editorial\" width=\"700\" height=\"475\" srcset=\"https:\/\/www.redacteur.com\/blog\/wp-content\/uploads\/sites\/6\/2020\/02\/planification-editorial.jpg 700w, https:\/\/www.redacteur.com\/blog\/wp-content\/uploads\/sites\/6\/2020\/02\/planification-editorial-300x204.jpg 300w, https:\/\/www.redacteur.com\/blog\/wp-content\/uploads\/sites\/6\/2020\/02\/planification-editorial-60x41.jpg 60w, https:\/\/www.redacteur.com\/blog\/wp-content\/uploads\/sites\/6\/2020\/02\/planification-editorial-370x251.jpg 370w, https:\/\/www.redacteur.com\/blog\/wp-content\/uploads\/sites\/6\/2020\/02\/planification-editorial-270x183.jpg 270w, https:\/\/www.redacteur.com\/blog\/wp-content\/uploads\/sites\/6\/2020\/02\/planification-editorial-570x387.jpg 570w\" sizes=\"(max-width: 700px) 100vw, 700px\" \/><\/a><\/p>\n<p>Cette planification \u00e9ditoriale consiste \u00e0 dresser un calendrier \u00e9ditorial, dont le r\u00f4le est de programmer les mises \u00e0 jour et les mises en ligne des contenus \u00e9ditoriaux.<\/p>\n<p>Cette planification permet aussi de d\u00e9terminer\/pr\u00e9parer \u00e0 l\u2019avance&nbsp;:<\/p>\n<ul>\n<li>Les contenus \u00e0 mettre \u00e0 jour<\/li>\n<li>Les offres\/publicit\u00e9s \u00e0 mettre en avant<\/li>\n<\/ul>\n<p>Tout cela en s\u2019en tenant bien s\u00fbr \u00e0 la <a href=\"https:\/\/www.redacteur.com\/blog\/5-astuces-pour-definir-votre-ligne-editoriale-en-b2b\/\">ligne \u00e9ditoriale<\/a> du site. Que l&#8217;on soit un journal comme Le Monde ou un site d&#8217;entreprise, il est imp\u00e9ratif de suivre une ligne \u00e9ditoriale.<\/p>\n<p>&nbsp;<\/p>\n<h2>La planification \u00e9ditoriale&nbsp;: quel rythme&nbsp;?<\/h2>\n<p>Souvent \u00e9tablie sur un mois, la planification \u00e9ditoriale ou programmation \u00e9ditoriale peut \u00eatre d\u00e9finie \u00e0 un rythme diff\u00e9rent&nbsp;: hebdomadaire, trimestriel, semestriel&#8230;\u00a0Une fois le rythme d\u00e9fini, il faut s&#8217;efforcer de s&#8217;y tenir&nbsp;!<\/p>\n<p>C&#8217;est l\u00e0 qu&#8217;intervient le r\u00e9dacteur en chef du site, (ou directeur des contenus, ou encore <a title=\"M\u00e9tier&nbsp;: directeur \u00e9ditorial\" href=\"https:\/\/www.codeur.com\/blog\/devenir-responsable-editorial\/\">directeur \u00e9ditorial <\/a>selon les cas), garant des mises en ligne.<\/p>\n<blockquote><p>\u00c0 lire aussi&nbsp;: <a href=\"https:\/\/www.redacteur.com\/blog\/redaction-web-comment-rythmer-texte\/\">R\u00e9daction web&nbsp;: comment rythmer votre texte&nbsp;?<\/a><\/p><\/blockquote>\n<p>&nbsp;<\/p>\n<h2>Pourquoi \u00e9tablir un calendrier \u00e9ditorial\u00a0?<\/h2>\n<p>Beaucoup se posent encore des questions sur l&#8217;int\u00e9r\u00eat d\u2019\u00e9tablir un <a href=\"https:\/\/www.redacteur.com\/blog\/calendrier-editorial-2020-modele-telecharger-gratuitement\/\" target=\"_blank\" rel=\"noopener noreferrer\">calendrier \u00e9ditorial<\/a>. Le but final reste toujours de proposer un contenu de qualit\u00e9.<\/p>\n<p>La qualit\u00e9 d\u2019un site d\u00e9pend effectivement de plusieurs facteurs&nbsp;: pertinence des infos, efficacit\u00e9 et rythme de l&#8217;\u00e9criture, le style mais aussi <a href=\"https:\/\/www.redacteur.com\/blog\/quelles-sont-les-cles-dune-strategie-de-contenu-reussie\/\" target=\"_blank\" rel=\"noopener noreferrer\">r\u00e9gularit\u00e9 des publications.<\/a><\/p>\n<p><a href=\"https:\/\/www.redacteur.com\/blog\/creer-calendrier-editorial\/\" target=\"_blank\" rel=\"noopener noreferrer\"><img decoding=\"async\" class=\"aligncenter wp-image-18323\" src=\"https:\/\/www.redacteur.com\/blog\/wp-content\/uploads\/sites\/6\/2019\/01\/redacteur-blog-img-une-calendrier-edito-modele-a-telecharger.jpg\" alt=\"\" width=\"618\" height=\"436\" srcset=\"https:\/\/www.redacteur.com\/blog\/wp-content\/uploads\/sites\/6\/2019\/01\/redacteur-blog-img-une-calendrier-edito-modele-a-telecharger.jpg 850w, https:\/\/www.redacteur.com\/blog\/wp-content\/uploads\/sites\/6\/2019\/01\/redacteur-blog-img-une-calendrier-edito-modele-a-telecharger-300x212.jpg 300w, https:\/\/www.redacteur.com\/blog\/wp-content\/uploads\/sites\/6\/2019\/01\/redacteur-blog-img-une-calendrier-edito-modele-a-telecharger-768x542.jpg 768w, https:\/\/www.redacteur.com\/blog\/wp-content\/uploads\/sites\/6\/2019\/01\/redacteur-blog-img-une-calendrier-edito-modele-a-telecharger-60x42.jpg 60w, https:\/\/www.redacteur.com\/blog\/wp-content\/uploads\/sites\/6\/2019\/01\/redacteur-blog-img-une-calendrier-edito-modele-a-telecharger-370x261.jpg 370w, https:\/\/www.redacteur.com\/blog\/wp-content\/uploads\/sites\/6\/2019\/01\/redacteur-blog-img-une-calendrier-edito-modele-a-telecharger-270x191.jpg 270w, https:\/\/www.redacteur.com\/blog\/wp-content\/uploads\/sites\/6\/2019\/01\/redacteur-blog-img-une-calendrier-edito-modele-a-telecharger-570x402.jpg 570w, https:\/\/www.redacteur.com\/blog\/wp-content\/uploads\/sites\/6\/2019\/01\/redacteur-blog-img-une-calendrier-edito-modele-a-telecharger-740x522.jpg 740w\" sizes=\"(max-width: 618px) 100vw, 618px\" \/><\/a><\/p>\n<p>Par exemple, un blog s&#8217;anime tr\u00e8s r\u00e9guli\u00e8rement, <strong>a minima toutes les semaines.<\/strong><\/p>\n<p>Par ailleurs, la planification \u00e9ditoriale permet \u00e0 l\u2019\u00e9quipe de r\u00e9daction de couvrir l&#8217;actualit\u00e9 sur toute une p\u00e9riode donn\u00e9e, sans omettre de sujets importants ou \u00e9v\u00e8nements marquant.\u00a0Enfin, avec un calendrier \u00e9ditorial, on peut valider \u00e0 l&#8217;avance les sujets d\u2019articles, validation qui reste la cl\u00e9 d&#8217;une meilleure gestion des contenus.<\/p>\n<p>Plus convaincant, voici 4 avantages concrets de cr\u00e9er un calendrier \u00e9ditorial&nbsp;:<\/p>\n<ul>\n<li>Il vous permet de rester actif m\u00eame <a href=\"https:\/\/www.redacteur.com\/blog\/seo-preparer-site-e-commerce-fetes\/\" target=\"_blank\" rel=\"noopener noreferrer\">pendant vos absences<\/a> (cong\u00e9s, week-ends, arr\u00eats\u2026). Gr\u00e2ce \u00e0 lui, vous gardez un rythme de publication de vos contenus et vous anticipez donc les p\u00e9riodes de creux.<\/li>\n<li>Vous anticipez votre travail et celui de vos collaborateurs pour un rendu de qualit\u00e9 avec une organisation adapt\u00e9e \u00e0 la deadline impos\u00e9e.<\/li>\n<li>Vous avez une vue globale de votre strat\u00e9gie de contenu.<strong> Le suivi global est ainsi simplifi\u00e9.\u00a0<\/strong><\/li>\n<li>Ayant une visions globale des contenus de votre planning \u00e9ditorial, il est \u00e9galement plus simple d\u2019\u00e9valuer le travail fourni et la charte \u00e9ditoriale.<\/li>\n<li>Cela permet enfin de solutionner plus rapidement une erreur qui se serait gliss\u00e9e dans l\u2019un de vos contenus.<\/li>\n<\/ul>\n<p>&nbsp;<\/p>\n<h2>Comment \u00e9tablir un calendrier \u00e9ditorial\u00a0?<\/h2>\n<p>Que vous teniez un blog ou un site, pensez \u00e0 tenir un calendrier \u00e9ditorial.\u00a0L\u2019id\u00e9e est de pr\u00e9voir un <a href=\"https:\/\/www.redacteur.com\/blog\/5-questions-a-se-poser-creer-plan-dun-article\/\" target=\"_blank\" rel=\"noopener noreferrer\">plan d\u2019action de r\u00e9daction,<\/a> que ce soit pour les rafraichissements d\u2019articles d\u00e9j\u00e0 publi\u00e9s ou pour les nouvelles publications.<\/p>\n<p>On commence d\u2019abord par mettre en place une veille d\u2019informations pour la mise \u00e0 jour de la page actualit\u00e9 (sur ce sujet, lire l&#8217;article sur les <a href=\"https:\/\/www.redacteur.com\/blog\/outil-de-curation-contenu\/\" target=\"_blank\" rel=\"noopener noreferrer\">Outils de Veille d&#8217;information<\/a>).<\/p>\n<p>On n\u2019h\u00e9site pas non plus \u00e0 r\u00e9colter des informations aupr\u00e8s des autres d\u00e9partements (marketing, communication, \u00e9v\u00e8nementiel, \u2026) pour dresser \u00e0 l\u2019avance la liste des sujets \u00e0 traiter s\u2019il s\u2019agit d\u2019un site d\u2019entreprise.<\/p>\n<p>En g\u00e9n\u00e9ral, apr\u00e8s la p\u00eache aux informations et la v\u00e9rification des sources, voici les \u00e9l\u00e9ments essentiels qui doivent figurer sur votre calendrier de r\u00e9daction\u00a0:<\/p>\n<ul>\n<li>auteur (qui sera charg\u00e9 de la r\u00e9daction?)<\/li>\n<li>type de contenu (articles, <a href=\"https:\/\/www.redacteur.com\/blog\/ressources-reussir-fiches-produits\/\" target=\"_blank\" rel=\"noopener noreferrer\">fiches produits<\/a>, coupure de presse, \u2026)<\/li>\n<li>cible (<a href=\"https:\/\/www.redacteur.com\/blog\/wordpress-utiliser-categories-soe\/\">cat\u00e9gorie<\/a>, rubrique du site)<\/li>\n<li>titre (<a href=\"https:\/\/www.redacteur.com\/blog\/seo-rediger-balise-meta-title\/\" target=\"_blank\" rel=\"noopener noreferrer\">balise TITLE<\/a> tr\u00e8s SEO friendly)<\/li>\n<li>\u00e9tat (en cours de r\u00e9daction, publi\u00e9, \u00e0 mettre \u00e0 jour,\u2026),<\/li>\n<li>date de publication<\/li>\n<li>mots-cl\u00e9s.<\/li>\n<\/ul>\n<p>&nbsp;<\/p>\n<p><span style=\"font-weight: 400\">Il existe de nombreux outils pour vous aider \u00e0 \u00e9tablir votre calendrier \u00e9ditorial&nbsp;:<\/span><\/p>\n<ul>\n<li>Excel, l\u2019outil le plus courant<\/li>\n<li>Trello, tr\u00e8s flexible avec ses 4 types de listes de t\u00e2ches<\/li>\n<li>Outlook, syst\u00e8me de messagerie et de planning \u00e9ditorial \u201csimple\u201d<\/li>\n<\/ul>\n<h2>Comment automatiser la planification \u00e9ditoriale\u00a0?<\/h2>\n<p>Il existe plusieurs logiciels en ligne qui vous permettent d\u2019<strong>automatiser vos publications\u00a0<\/strong>afin de mieux vous organiser. Certaines entreprises programment jusqu\u2019\u00e0 1 an de publications en avance, sur les dates fixes comme No\u00ebl, le Nouvel An, P\u00e2ques, ou encore la journ\u00e9e mondiale de la Terre. Cela ne vous emp\u00eache pas de r\u00e9aliser d\u2019autres publications spontan\u00e9es comme pour la sortie d\u2019un nouveau produit, par exemple.<\/p>\n<p>Vous pourrez donc vous tourner facilement vers\u00a0<strong>des plateformes d\u2019automation<\/strong>\u00a0pour automatiser votre planification \u00e9ditoriale. En utilisant les plannings \u00e9ditoriaux, consacrer une seule journ\u00e9e par mois \u00e0 l\u2019\u00e9laboration de vos objectifs, au planning et \u00e0 la r\u00e9daction de vos contenus, suffit amplement. \u00c0 la fin de chaque mois, vous pourrez confronter vos objectifs attendus, et ceux attendus afin de r\u00e9aliser des ajustements pour vos prochaines programmations de posts.<\/p>\n<h2>Planifier la sortie des articles sur un blog<\/h2>\n<p>Pr\u00e9voir \u00e0 l\u2019avance les contenus que vous allez publier sur la partie blog de votre site internet est donc une bonne id\u00e9e pour gagner du temps, mais aussi pour ne pas perdre votre ligne directrice et ne pas rater un \u00e9v\u00e8nement important. Effectivement, en pr\u00e9voyant \u00e0 l\u2019avance vos articles, vous pourrez avoir\u00a0<strong>une meilleure vision sur vos objectifs<\/strong>\u00a0\u00e0 long terme, et vous pourrez avoir une\u00a0<strong>pr\u00e9sence accrue<\/strong>\u00a0qui\u00a0<strong>am\u00e9liorera votre r\u00e9f\u00e9rencement naturel<\/strong>\u00a0sur les moteurs de recherche.<\/p>\n<p>De plus, si vous d\u00e9butez dans l\u2019aventure de votre blog, la planification \u00e9ditoriale de vos articles est un excellent moyen de bien se lancer\u00a0! Vous pourrez r\u00e9diger vos textes sans stress, en toute s\u00e9r\u00e9nit\u00e9, tout en ayant du bon contenu d\u00e8s les premi\u00e8res semaines avec une rigueur exemplaire.<\/p>\n<p>En g\u00e9n\u00e9ral, votre CMS vous propose d\u2019office une option pour planifier en avance vos articles en choisissant la date et l\u2019heure de la publication future. Que vous soyez sur WordPress, e-monsite, blogger, vous pourrez prendre de l\u2019avance facilement.<\/p>\n<h2>Planifier vos publications sur les r\u00e9seaux sociaux<\/h2>\n<p style=\"text-align: center\"><a href=\"https:\/\/redacteur.codeur.com\/blog\/wp-content\/uploads\/sites\/6\/2020\/02\/planification-editorial-youtube.jpg\"><img decoding=\"async\" class=\"alignnone size-full wp-image-33184\" src=\"https:\/\/redacteur.codeur.com\/blog\/wp-content\/uploads\/sites\/6\/2020\/02\/planification-editorial-youtube.jpg\" alt=\"planification-editorial\" width=\"700\" height=\"453\" srcset=\"https:\/\/www.redacteur.com\/blog\/wp-content\/uploads\/sites\/6\/2020\/02\/planification-editorial-youtube.jpg 700w, https:\/\/www.redacteur.com\/blog\/wp-content\/uploads\/sites\/6\/2020\/02\/planification-editorial-youtube-300x194.jpg 300w, https:\/\/www.redacteur.com\/blog\/wp-content\/uploads\/sites\/6\/2020\/02\/planification-editorial-youtube-60x39.jpg 60w, https:\/\/www.redacteur.com\/blog\/wp-content\/uploads\/sites\/6\/2020\/02\/planification-editorial-youtube-370x239.jpg 370w, https:\/\/www.redacteur.com\/blog\/wp-content\/uploads\/sites\/6\/2020\/02\/planification-editorial-youtube-270x175.jpg 270w, https:\/\/www.redacteur.com\/blog\/wp-content\/uploads\/sites\/6\/2020\/02\/planification-editorial-youtube-570x369.jpg 570w\" sizes=\"(max-width: 700px) 100vw, 700px\" \/><\/a><\/p>\n<p>\u00a0Il est rare que votre entreprise ne poss\u00e8de qu\u2019un seul compte sur les r\u00e9seaux sociaux avec toutes les plateformes qui sont sur le march\u00e9 aujourd\u2019hui. En effet, entre Facebook, Instagram, LinkedIn, Twitter, et m\u00eame YouTube, il est facile de s\u2019y perdre et de mal g\u00e9rer son temps. La planification \u00e9ditoriale sur les r\u00e9seaux sociaux vous permet d\u2019obtenir une\u00a0<strong>bonne assiduit\u00e9<\/strong>\u00a0et de\u00a0<strong>gagner du temps<\/strong>\u00a0de mani\u00e8re consid\u00e9rable.<\/p>\n<p>Une petite liste des plateformes d\u2019automation des r\u00e9seaux sociaux bien connus des Community manager\u00a0:<\/p>\n<p>\u00b7\u00a0\u00a0\u00a0\u00a0\u00a0\u00a0\u00a0\u00a0<strong>HootSuite<\/strong>\u00a0est une plateforme r\u00e9put\u00e9e qui propose des formules payantes adapt\u00e9es \u00e0 tous les types d\u2019entreprises. Elle vous permettra de programmer un nombre illimit\u00e9 de publications et d\u2019acc\u00e9der aux messages priv\u00e9s de vos r\u00e9seaux sociaux dans une seule boite de r\u00e9ception. Elle poss\u00e8de une version gratuite avec un acc\u00e8s \u00e0 trois comptes pour un utilisateur.<\/p>\n<p style=\"text-align: center\"><a href=\"https:\/\/www.redacteur.com\/blog\/wp-content\/uploads\/sites\/6\/2020\/05\/hootsuite.png\"><img decoding=\"async\" class=\"alignnone size-full wp-image-31959\" src=\"https:\/\/www.redacteur.com\/blog\/wp-content\/uploads\/sites\/6\/2020\/05\/hootsuite.png\" alt=\"Hootsuite\" width=\"700\" height=\"365\" srcset=\"https:\/\/www.redacteur.com\/blog\/wp-content\/uploads\/sites\/6\/2020\/05\/hootsuite.png 700w, https:\/\/www.redacteur.com\/blog\/wp-content\/uploads\/sites\/6\/2020\/05\/hootsuite-300x156.png 300w, https:\/\/www.redacteur.com\/blog\/wp-content\/uploads\/sites\/6\/2020\/05\/hootsuite-60x31.png 60w, https:\/\/www.redacteur.com\/blog\/wp-content\/uploads\/sites\/6\/2020\/05\/hootsuite-370x193.png 370w, https:\/\/www.redacteur.com\/blog\/wp-content\/uploads\/sites\/6\/2020\/05\/hootsuite-270x141.png 270w, https:\/\/www.redacteur.com\/blog\/wp-content\/uploads\/sites\/6\/2020\/05\/hootsuite-570x297.png 570w\" sizes=\"(max-width: 700px) 100vw, 700px\" \/><\/a><\/p>\n<p>\u00b7\u00a0\u00a0\u00a0\u00a0\u00a0\u00a0\u00a0\u00a0<strong>Agorapulse<\/strong>\u00a0s\u2019adapte selon votre taille avec une version gratuite pour les ind\u00e9pendants qui d\u00e9marrent leur activit\u00e9, mais aussi des versions professionnels et premium pour les entreprises en pleine expansion.<\/p>\n<p style=\"text-align: center\"><a href=\"https:\/\/redacteur.codeur.com\/blog\/wp-content\/uploads\/sites\/6\/2020\/02\/agorapulse.jpg\"><img decoding=\"async\" class=\"alignnone size-full wp-image-33187\" src=\"https:\/\/redacteur.codeur.com\/blog\/wp-content\/uploads\/sites\/6\/2020\/02\/agorapulse.jpg\" alt=\"comment-construire-planification-editoriale\" width=\"700\" height=\"385\" srcset=\"https:\/\/www.redacteur.com\/blog\/wp-content\/uploads\/sites\/6\/2020\/02\/agorapulse.jpg 700w, https:\/\/www.redacteur.com\/blog\/wp-content\/uploads\/sites\/6\/2020\/02\/agorapulse-300x165.jpg 300w, https:\/\/www.redacteur.com\/blog\/wp-content\/uploads\/sites\/6\/2020\/02\/agorapulse-60x33.jpg 60w, https:\/\/www.redacteur.com\/blog\/wp-content\/uploads\/sites\/6\/2020\/02\/agorapulse-370x204.jpg 370w, https:\/\/www.redacteur.com\/blog\/wp-content\/uploads\/sites\/6\/2020\/02\/agorapulse-270x149.jpg 270w, https:\/\/www.redacteur.com\/blog\/wp-content\/uploads\/sites\/6\/2020\/02\/agorapulse-570x314.jpg 570w\" sizes=\"(max-width: 700px) 100vw, 700px\" \/><\/a><\/p>\n<p>\u00b7\u00a0\u00a0\u00a0\u00a0\u00a0\u00a0\u00a0\u00a0<strong>Banana content<\/strong>\u00a0qui propose des formules compl\u00e8tes avec des profils illimit\u00e9s en utilisateurs, mais aussi une connexion aux r\u00e9seaux sociaux sans limites et la cr\u00e9ation de newsletters, en plus de la publication et de la programmation de vos contenus sur les r\u00e9seaux sociaux. Vous pourrez b\u00e9n\u00e9ficier de leurs offres \u00e0 partir de 60 \u20ac par mois.<\/p>\n<p style=\"text-align: center\"><a href=\"https:\/\/redacteur.codeur.com\/blog\/wp-content\/uploads\/sites\/6\/2020\/02\/bananacontent.jpg\"><img decoding=\"async\" class=\"alignnone size-full wp-image-33186\" src=\"https:\/\/redacteur.codeur.com\/blog\/wp-content\/uploads\/sites\/6\/2020\/02\/bananacontent.jpg\" alt=\"comment-construire-planification-editoriale\" width=\"700\" height=\"357\" srcset=\"https:\/\/www.redacteur.com\/blog\/wp-content\/uploads\/sites\/6\/2020\/02\/bananacontent.jpg 700w, https:\/\/www.redacteur.com\/blog\/wp-content\/uploads\/sites\/6\/2020\/02\/bananacontent-300x153.jpg 300w, https:\/\/www.redacteur.com\/blog\/wp-content\/uploads\/sites\/6\/2020\/02\/bananacontent-60x31.jpg 60w, https:\/\/www.redacteur.com\/blog\/wp-content\/uploads\/sites\/6\/2020\/02\/bananacontent-370x189.jpg 370w, https:\/\/www.redacteur.com\/blog\/wp-content\/uploads\/sites\/6\/2020\/02\/bananacontent-270x138.jpg 270w, https:\/\/www.redacteur.com\/blog\/wp-content\/uploads\/sites\/6\/2020\/02\/bananacontent-570x291.jpg 570w\" sizes=\"(max-width: 700px) 100vw, 700px\" \/><\/a><\/p>\n<p><span style=\"font-weight: 400\">Le processus \u00e9ditorial d\u2019une entreprise peut para\u00eetre compliqu\u00e9. Il ne s\u2019agit pas b\u00eatement d\u2019un moyen de planifier quelques id\u00e9es de contenu \u00e0 l\u2019avance. <\/span><\/p>\n<p><span style=\"font-weight: 400\">Mais plut\u00f4t, de d\u00e9finir des objectifs de marketing de contenu, d\u2019\u00e9laborer une strat\u00e9gie et de d\u00e9finir pr\u00e9cis\u00e9ment la strat\u00e9gie de votre contenu \u00e0 l\u2019avance afin d\u2019obtenir de meilleurs r\u00e9sultats pour votre entreprise.\u00a0<\/span><\/p>\n<p><span style=\"font-weight: 400\">Que ce soit un meilleur r\u00e9f\u00e9rencement des moteurs de recherche, davantage de trafic, plus de partages sur les r\u00e9seaux sociaux ou plus de leads et de conversions, une planification \u00e9ditoriale bien travaill\u00e9e est le secret d\u2019une production efficiente&nbsp;!<\/span><\/p>\n","protected":false},"excerpt":{"rendered":"<p>Un contenu de qualit\u00e9, voil\u00e0 un des meilleurs moyens d\u2019assurer sa visibilit\u00e9 et sa r\u00e9putation sur Internet. Encore faut-il \u00e9galement des mises \u00e0 jour et des publications r\u00e9guli\u00e8res en suivant une charte \u00e9ditoriale bien d\u00e9finie. En mati\u00e8re d&#8217;\u00e9dition web, la planification \u00e9ditoriale est de la plus grande importance. Explications. &nbsp; La planification \u00e9ditoriale\u00a0: qu\u2019est-ce que [&hellip;]<\/p>\n","protected":false},"author":1,"featured_media":33185,"comment_status":"open","ping_status":"open","sticky":false,"template":"","format":"standard","meta":{"_acf_changed":false,"inline_featured_image":false,"footnotes":""},"categories":[14],"tags":[],"class_list":["post-8176","post","type-post","status-publish","format-standard","has-post-thumbnail","hentry","category-strategie-editoriale"],"acf":[],"yoast_head":"<!-- This site is optimized with the Yoast SEO plugin v25.9 - https:\/\/yoast.com\/wordpress\/plugins\/seo\/ -->\n<title>Comment construire la planification \u00e9ditoriale\u00a0? - Redacteur Blog<\/title>\n<meta name=\"description\" content=\"Un contenu de qualit\u00e9, voil\u00e0 un des meilleurs moyens d\u2019assurer sa visibilit\u00e9 et sa r\u00e9putation sur Internet. Encore faut-il \u00e9galement des mises \u00e0 jour et\" \/>\n<meta name=\"robots\" content=\"index, follow, max-snippet:-1, max-image-preview:large, max-video-preview:-1\" \/>\n<link rel=\"canonical\" href=\"https:\/\/www.redacteur.com\/blog\/comment-construire-la-planification-editoriale\/\" \/>\n<meta property=\"og:locale\" content=\"fr_FR\" \/>\n<meta property=\"og:type\" content=\"article\" \/>\n<meta property=\"og:title\" content=\"Comment construire la planification \u00e9ditoriale\u00a0? - Redacteur Blog\" \/>\n<meta property=\"og:description\" content=\"Un contenu de qualit\u00e9, voil\u00e0 un des meilleurs moyens d\u2019assurer sa visibilit\u00e9 et sa r\u00e9putation sur Internet. Encore faut-il \u00e9galement des mises \u00e0 jour et\" \/>\n<meta property=\"og:url\" content=\"https:\/\/www.redacteur.com\/blog\/comment-construire-la-planification-editoriale\/\" \/>\n<meta property=\"og:site_name\" content=\"Redacteur.com\" \/>\n<meta property=\"article:publisher\" content=\"https:\/\/www.facebook.com\/redacteurcom\" \/>\n<meta property=\"article:published_time\" content=\"2020-02-03T09:20:02+00:00\" \/>\n<meta property=\"og:image\" content=\"https:\/\/www.redacteur.com\/blog\/wp-content\/uploads\/sites\/6\/2020\/02\/comment-construire-planification-editoriale.png\" \/>\n\t<meta property=\"og:image:width\" content=\"640\" \/>\n\t<meta property=\"og:image:height\" content=\"452\" \/>\n\t<meta property=\"og:image:type\" content=\"image\/png\" \/>\n<meta name=\"author\" content=\"Laura Michaud\" \/>\n<meta name=\"twitter:card\" content=\"summary_large_image\" \/>\n<meta name=\"twitter:creator\" content=\"@Redacteurcom\" \/>\n<meta name=\"twitter:site\" content=\"@Redacteurcom\" \/>\n<meta name=\"twitter:label1\" content=\"\u00c9crit par\" \/>\n\t<meta name=\"twitter:data1\" content=\"Laura Michaud\" \/>\n\t<meta name=\"twitter:label2\" content=\"Dur\u00e9e de lecture estim\u00e9e\" \/>\n\t<meta name=\"twitter:data2\" content=\"7 minutes\" \/>\n<script type=\"application\/ld+json\" class=\"yoast-schema-graph\">{\"@context\":\"https:\/\/schema.org\",\"@graph\":[{\"@type\":\"Article\",\"@id\":\"https:\/\/www.redacteur.com\/blog\/comment-construire-la-planification-editoriale\/#article\",\"isPartOf\":{\"@id\":\"https:\/\/www.redacteur.com\/blog\/comment-construire-la-planification-editoriale\/\"},\"author\":{\"name\":\"Laura Michaud\",\"@id\":\"https:\/\/www.redacteur.com\/blog\/#\/schema\/person\/33c0ef04707fbe50a096f282050bb5f2\"},\"headline\":\"Comment construire la planification \u00e9ditoriale\u00a0?\",\"datePublished\":\"2020-02-03T09:20:02+00:00\",\"mainEntityOfPage\":{\"@id\":\"https:\/\/www.redacteur.com\/blog\/comment-construire-la-planification-editoriale\/\"},\"wordCount\":1491,\"commentCount\":0,\"publisher\":{\"@id\":\"https:\/\/www.redacteur.com\/blog\/#organization\"},\"image\":{\"@id\":\"https:\/\/www.redacteur.com\/blog\/comment-construire-la-planification-editoriale\/#primaryimage\"},\"thumbnailUrl\":\"https:\/\/www.redacteur.com\/blog\/wp-content\/uploads\/sites\/6\/2020\/02\/comment-construire-planification-editoriale.png\",\"articleSection\":[\"Strat\u00e9gie \u00e9ditoriale\"],\"inLanguage\":\"fr-FR\",\"potentialAction\":[{\"@type\":\"CommentAction\",\"name\":\"Comment\",\"target\":[\"https:\/\/www.redacteur.com\/blog\/comment-construire-la-planification-editoriale\/#respond\"]}]},{\"@type\":\"WebPage\",\"@id\":\"https:\/\/www.redacteur.com\/blog\/comment-construire-la-planification-editoriale\/\",\"url\":\"https:\/\/www.redacteur.com\/blog\/comment-construire-la-planification-editoriale\/\",\"name\":\"Comment construire la planification \u00e9ditoriale\u00a0? - Redacteur Blog\",\"isPartOf\":{\"@id\":\"https:\/\/www.redacteur.com\/blog\/#website\"},\"primaryImageOfPage\":{\"@id\":\"https:\/\/www.redacteur.com\/blog\/comment-construire-la-planification-editoriale\/#primaryimage\"},\"image\":{\"@id\":\"https:\/\/www.redacteur.com\/blog\/comment-construire-la-planification-editoriale\/#primaryimage\"},\"thumbnailUrl\":\"https:\/\/www.redacteur.com\/blog\/wp-content\/uploads\/sites\/6\/2020\/02\/comment-construire-planification-editoriale.png\",\"datePublished\":\"2020-02-03T09:20:02+00:00\",\"description\":\"Un contenu de qualit\u00e9, voil\u00e0 un des meilleurs moyens d\u2019assurer sa visibilit\u00e9 et sa r\u00e9putation sur Internet. Encore faut-il \u00e9galement des mises \u00e0 jour et\",\"breadcrumb\":{\"@id\":\"https:\/\/www.redacteur.com\/blog\/comment-construire-la-planification-editoriale\/#breadcrumb\"},\"inLanguage\":\"fr-FR\",\"potentialAction\":[{\"@type\":\"ReadAction\",\"target\":[\"https:\/\/www.redacteur.com\/blog\/comment-construire-la-planification-editoriale\/\"]}]},{\"@type\":\"ImageObject\",\"inLanguage\":\"fr-FR\",\"@id\":\"https:\/\/www.redacteur.com\/blog\/comment-construire-la-planification-editoriale\/#primaryimage\",\"url\":\"https:\/\/www.redacteur.com\/blog\/wp-content\/uploads\/sites\/6\/2020\/02\/comment-construire-planification-editoriale.png\",\"contentUrl\":\"https:\/\/www.redacteur.com\/blog\/wp-content\/uploads\/sites\/6\/2020\/02\/comment-construire-planification-editoriale.png\",\"width\":640,\"height\":452,\"caption\":\"comment-construire-planification-editoriale\"},{\"@type\":\"BreadcrumbList\",\"@id\":\"https:\/\/www.redacteur.com\/blog\/comment-construire-la-planification-editoriale\/#breadcrumb\",\"itemListElement\":[{\"@type\":\"ListItem\",\"position\":1,\"name\":\"Blog\",\"item\":\"https:\/\/www.redacteur.com\/blog\/\"},{\"@type\":\"ListItem\",\"position\":2,\"name\":\"R\u00e9daction web\",\"item\":\"https:\/\/www.redacteur.com\/blog\/redaction-web\/\"},{\"@type\":\"ListItem\",\"position\":3,\"name\":\"Strat\u00e9gie \u00e9ditoriale\",\"item\":\"https:\/\/www.redacteur.com\/blog\/redaction-web\/strategie-editoriale\/\"},{\"@type\":\"ListItem\",\"position\":4,\"name\":\"Comment construire la planification \u00e9ditoriale\u00a0?\"}]},{\"@type\":\"WebSite\",\"@id\":\"https:\/\/www.redacteur.com\/blog\/#website\",\"url\":\"https:\/\/www.redacteur.com\/blog\/\",\"name\":\"Redacteur.com\",\"description\":\"redacteur\",\"publisher\":{\"@id\":\"https:\/\/www.redacteur.com\/blog\/#organization\"},\"potentialAction\":[{\"@type\":\"SearchAction\",\"target\":{\"@type\":\"EntryPoint\",\"urlTemplate\":\"https:\/\/www.redacteur.com\/blog\/?s={search_term_string}\"},\"query-input\":{\"@type\":\"PropertyValueSpecification\",\"valueRequired\":true,\"valueName\":\"search_term_string\"}}],\"inLanguage\":\"fr-FR\"},{\"@type\":\"Organization\",\"@id\":\"https:\/\/www.redacteur.com\/blog\/#organization\",\"name\":\"Redacteur.com\",\"url\":\"https:\/\/www.redacteur.com\/blog\/\",\"logo\":{\"@type\":\"ImageObject\",\"inLanguage\":\"fr-FR\",\"@id\":\"https:\/\/www.redacteur.com\/blog\/#\/schema\/logo\/image\/\",\"url\":\"https:\/\/www.redacteur.com\/blog\/wp-content\/uploads\/sites\/6\/2022\/10\/logo-redacteur-blog.svg\",\"contentUrl\":\"https:\/\/www.redacteur.com\/blog\/wp-content\/uploads\/sites\/6\/2022\/10\/logo-redacteur-blog.svg\",\"width\":1,\"height\":1,\"caption\":\"Redacteur.com\"},\"image\":{\"@id\":\"https:\/\/www.redacteur.com\/blog\/#\/schema\/logo\/image\/\"},\"sameAs\":[\"https:\/\/www.facebook.com\/redacteurcom\",\"https:\/\/x.com\/Redacteurcom\",\"https:\/\/www.linkedin.com\/company\/redacteur-com\",\"https:\/\/www.youtube.com\/channel\/UCgj9ySM9xy3gdL8qBafl9Uw\/\"]},{\"@type\":\"Person\",\"@id\":\"https:\/\/www.redacteur.com\/blog\/#\/schema\/person\/33c0ef04707fbe50a096f282050bb5f2\",\"name\":\"Laura Michaud\",\"image\":{\"@type\":\"ImageObject\",\"inLanguage\":\"fr-FR\",\"@id\":\"https:\/\/www.redacteur.com\/blog\/#\/schema\/person\/image\/\",\"url\":\"https:\/\/secure.gravatar.com\/avatar\/c3328cc0c887f98cec6b2979af3311ab6333fc7cc2d4847514cfec6a56fa08a7?s=96&d=mm&r=g\",\"contentUrl\":\"https:\/\/secure.gravatar.com\/avatar\/c3328cc0c887f98cec6b2979af3311ab6333fc7cc2d4847514cfec6a56fa08a7?s=96&d=mm&r=g\",\"caption\":\"Laura Michaud\"},\"description\":\"Laura connait tous les meilleurs outils pour g\u00e9rer des projets et une entreprise. Cr\u00e9ative, c'est aussi une sp\u00e9cialiste des outils de cr\u00e9ation graphique pour faire briller une entreprise.\",\"sameAs\":[\"https:\/\/www.linkedin.com\/in\/michaudlaura\/\"],\"url\":\"https:\/\/www.redacteur.com\/blog\/author\/laura\/\"}]}<\/script>\n<!-- \/ Yoast SEO plugin. -->","yoast_head_json":{"title":"Comment construire la planification \u00e9ditoriale\u00a0? - Redacteur Blog","description":"Un contenu de qualit\u00e9, voil\u00e0 un des meilleurs moyens d\u2019assurer sa visibilit\u00e9 et sa r\u00e9putation sur Internet. Encore faut-il \u00e9galement des mises \u00e0 jour et","robots":{"index":"index","follow":"follow","max-snippet":"max-snippet:-1","max-image-preview":"max-image-preview:large","max-video-preview":"max-video-preview:-1"},"canonical":"https:\/\/www.redacteur.com\/blog\/comment-construire-la-planification-editoriale\/","og_locale":"fr_FR","og_type":"article","og_title":"Comment construire la planification \u00e9ditoriale\u00a0? - Redacteur Blog","og_description":"Un contenu de qualit\u00e9, voil\u00e0 un des meilleurs moyens d\u2019assurer sa visibilit\u00e9 et sa r\u00e9putation sur Internet. Encore faut-il \u00e9galement des mises \u00e0 jour et","og_url":"https:\/\/www.redacteur.com\/blog\/comment-construire-la-planification-editoriale\/","og_site_name":"Redacteur.com","article_publisher":"https:\/\/www.facebook.com\/redacteurcom","article_published_time":"2020-02-03T09:20:02+00:00","og_image":[{"width":640,"height":452,"url":"https:\/\/www.redacteur.com\/blog\/wp-content\/uploads\/sites\/6\/2020\/02\/comment-construire-planification-editoriale.png","type":"image\/png"}],"author":"Laura Michaud","twitter_card":"summary_large_image","twitter_creator":"@Redacteurcom","twitter_site":"@Redacteurcom","twitter_misc":{"\u00c9crit par":"Laura Michaud","Dur\u00e9e de lecture estim\u00e9e":"7 minutes"},"schema":{"@context":"https:\/\/schema.org","@graph":[{"@type":"Article","@id":"https:\/\/www.redacteur.com\/blog\/comment-construire-la-planification-editoriale\/#article","isPartOf":{"@id":"https:\/\/www.redacteur.com\/blog\/comment-construire-la-planification-editoriale\/"},"author":{"name":"Laura Michaud","@id":"https:\/\/www.redacteur.com\/blog\/#\/schema\/person\/33c0ef04707fbe50a096f282050bb5f2"},"headline":"Comment construire la planification \u00e9ditoriale\u00a0?","datePublished":"2020-02-03T09:20:02+00:00","mainEntityOfPage":{"@id":"https:\/\/www.redacteur.com\/blog\/comment-construire-la-planification-editoriale\/"},"wordCount":1491,"commentCount":0,"publisher":{"@id":"https:\/\/www.redacteur.com\/blog\/#organization"},"image":{"@id":"https:\/\/www.redacteur.com\/blog\/comment-construire-la-planification-editoriale\/#primaryimage"},"thumbnailUrl":"https:\/\/www.redacteur.com\/blog\/wp-content\/uploads\/sites\/6\/2020\/02\/comment-construire-planification-editoriale.png","articleSection":["Strat\u00e9gie \u00e9ditoriale"],"inLanguage":"fr-FR","potentialAction":[{"@type":"CommentAction","name":"Comment","target":["https:\/\/www.redacteur.com\/blog\/comment-construire-la-planification-editoriale\/#respond"]}]},{"@type":"WebPage","@id":"https:\/\/www.redacteur.com\/blog\/comment-construire-la-planification-editoriale\/","url":"https:\/\/www.redacteur.com\/blog\/comment-construire-la-planification-editoriale\/","name":"Comment construire la planification \u00e9ditoriale\u00a0? - Redacteur Blog","isPartOf":{"@id":"https:\/\/www.redacteur.com\/blog\/#website"},"primaryImageOfPage":{"@id":"https:\/\/www.redacteur.com\/blog\/comment-construire-la-planification-editoriale\/#primaryimage"},"image":{"@id":"https:\/\/www.redacteur.com\/blog\/comment-construire-la-planification-editoriale\/#primaryimage"},"thumbnailUrl":"https:\/\/www.redacteur.com\/blog\/wp-content\/uploads\/sites\/6\/2020\/02\/comment-construire-planification-editoriale.png","datePublished":"2020-02-03T09:20:02+00:00","description":"Un contenu de qualit\u00e9, voil\u00e0 un des meilleurs moyens d\u2019assurer sa visibilit\u00e9 et sa r\u00e9putation sur Internet. Encore faut-il \u00e9galement des mises \u00e0 jour et","breadcrumb":{"@id":"https:\/\/www.redacteur.com\/blog\/comment-construire-la-planification-editoriale\/#breadcrumb"},"inLanguage":"fr-FR","potentialAction":[{"@type":"ReadAction","target":["https:\/\/www.redacteur.com\/blog\/comment-construire-la-planification-editoriale\/"]}]},{"@type":"ImageObject","inLanguage":"fr-FR","@id":"https:\/\/www.redacteur.com\/blog\/comment-construire-la-planification-editoriale\/#primaryimage","url":"https:\/\/www.redacteur.com\/blog\/wp-content\/uploads\/sites\/6\/2020\/02\/comment-construire-planification-editoriale.png","contentUrl":"https:\/\/www.redacteur.com\/blog\/wp-content\/uploads\/sites\/6\/2020\/02\/comment-construire-planification-editoriale.png","width":640,"height":452,"caption":"comment-construire-planification-editoriale"},{"@type":"BreadcrumbList","@id":"https:\/\/www.redacteur.com\/blog\/comment-construire-la-planification-editoriale\/#breadcrumb","itemListElement":[{"@type":"ListItem","position":1,"name":"Blog","item":"https:\/\/www.redacteur.com\/blog\/"},{"@type":"ListItem","position":2,"name":"R\u00e9daction web","item":"https:\/\/www.redacteur.com\/blog\/redaction-web\/"},{"@type":"ListItem","position":3,"name":"Strat\u00e9gie \u00e9ditoriale","item":"https:\/\/www.redacteur.com\/blog\/redaction-web\/strategie-editoriale\/"},{"@type":"ListItem","position":4,"name":"Comment construire la planification \u00e9ditoriale\u00a0?"}]},{"@type":"WebSite","@id":"https:\/\/www.redacteur.com\/blog\/#website","url":"https:\/\/www.redacteur.com\/blog\/","name":"Redacteur.com","description":"redacteur","publisher":{"@id":"https:\/\/www.redacteur.com\/blog\/#organization"},"potentialAction":[{"@type":"SearchAction","target":{"@type":"EntryPoint","urlTemplate":"https:\/\/www.redacteur.com\/blog\/?s={search_term_string}"},"query-input":{"@type":"PropertyValueSpecification","valueRequired":true,"valueName":"search_term_string"}}],"inLanguage":"fr-FR"},{"@type":"Organization","@id":"https:\/\/www.redacteur.com\/blog\/#organization","name":"Redacteur.com","url":"https:\/\/www.redacteur.com\/blog\/","logo":{"@type":"ImageObject","inLanguage":"fr-FR","@id":"https:\/\/www.redacteur.com\/blog\/#\/schema\/logo\/image\/","url":"https:\/\/www.redacteur.com\/blog\/wp-content\/uploads\/sites\/6\/2022\/10\/logo-redacteur-blog.svg","contentUrl":"https:\/\/www.redacteur.com\/blog\/wp-content\/uploads\/sites\/6\/2022\/10\/logo-redacteur-blog.svg","width":1,"height":1,"caption":"Redacteur.com"},"image":{"@id":"https:\/\/www.redacteur.com\/blog\/#\/schema\/logo\/image\/"},"sameAs":["https:\/\/www.facebook.com\/redacteurcom","https:\/\/x.com\/Redacteurcom","https:\/\/www.linkedin.com\/company\/redacteur-com","https:\/\/www.youtube.com\/channel\/UCgj9ySM9xy3gdL8qBafl9Uw\/"]},{"@type":"Person","@id":"https:\/\/www.redacteur.com\/blog\/#\/schema\/person\/33c0ef04707fbe50a096f282050bb5f2","name":"Laura Michaud","image":{"@type":"ImageObject","inLanguage":"fr-FR","@id":"https:\/\/www.redacteur.com\/blog\/#\/schema\/person\/image\/","url":"https:\/\/secure.gravatar.com\/avatar\/c3328cc0c887f98cec6b2979af3311ab6333fc7cc2d4847514cfec6a56fa08a7?s=96&d=mm&r=g","contentUrl":"https:\/\/secure.gravatar.com\/avatar\/c3328cc0c887f98cec6b2979af3311ab6333fc7cc2d4847514cfec6a56fa08a7?s=96&d=mm&r=g","caption":"Laura Michaud"},"description":"Laura connait tous les meilleurs outils pour g\u00e9rer des projets et une entreprise. Cr\u00e9ative, c'est aussi une sp\u00e9cialiste des outils de cr\u00e9ation graphique pour faire briller une entreprise.","sameAs":["https:\/\/www.linkedin.com\/in\/michaudlaura\/"],"url":"https:\/\/www.redacteur.com\/blog\/author\/laura\/"}]}},"_links":{"self":[{"href":"https:\/\/www.redacteur.com\/blog\/wp-json\/wp\/v2\/posts\/8176","targetHints":{"allow":["GET"]}}],"collection":[{"href":"https:\/\/www.redacteur.com\/blog\/wp-json\/wp\/v2\/posts"}],"about":[{"href":"https:\/\/www.redacteur.com\/blog\/wp-json\/wp\/v2\/types\/post"}],"author":[{"embeddable":true,"href":"https:\/\/www.redacteur.com\/blog\/wp-json\/wp\/v2\/users\/1"}],"replies":[{"embeddable":true,"href":"https:\/\/www.redacteur.com\/blog\/wp-json\/wp\/v2\/comments?post=8176"}],"version-history":[{"count":0,"href":"https:\/\/www.redacteur.com\/blog\/wp-json\/wp\/v2\/posts\/8176\/revisions"}],"wp:featuredmedia":[{"embeddable":true,"href":"https:\/\/www.redacteur.com\/blog\/wp-json\/wp\/v2\/media\/33185"}],"wp:attachment":[{"href":"https:\/\/www.redacteur.com\/blog\/wp-json\/wp\/v2\/media?parent=8176"}],"wp:term":[{"taxonomy":"category","embeddable":true,"href":"https:\/\/www.redacteur.com\/blog\/wp-json\/wp\/v2\/categories?post=8176"},{"taxonomy":"post_tag","embeddable":true,"href":"https:\/\/www.redacteur.com\/blog\/wp-json\/wp\/v2\/tags?post=8176"}],"curies":[{"name":"wp","href":"https:\/\/api.w.org\/{rel}","templated":true}]}}